{"id":32889,"date":"2026-08-31T23:36:01","date_gmt":"2026-09-01T02:36:01","guid":{"rendered":"https:\/\/acontecenafronteira.com.br\/?p=32889"},"modified":"2026-08-31T23:36:01","modified_gmt":"2026-09-01T02:36:01","slug":"alcolumbre-indica-pacheco-ao-tcu-e-votacao-deve-ocorrer-nesta-terca","status":"publish","type":"post","link":"https:\/\/acontecenafronteira.com.br\/index.php\/2026\/08\/31\/alcolumbre-indica-pacheco-ao-tcu-e-votacao-deve-ocorrer-nesta-terca\/","title":{"rendered":"Alcolumbre indica Pacheco ao TCU e vota\u00e7\u00e3o deve ocorrer nesta ter\u00e7a"},"content":{"rendered":"<p>O presidente do Senado, Davi Alcolumbre, protocolou formalmente na noite desta segunda-feira o projeto de decreto legislativo que prop\u00f5e o nome do senador Rodrigo Pacheco para assumir uma cadeira no Tribunal de Contas da Uni\u00e3o.<\/p>\n<h2>Tramita\u00e7\u00e3o acelerada no plen\u00e1rio<\/h2>\n<p>A expectativa nos bastidores pol\u00edticos \u00e9 de que o processo tenha uma tramita\u00e7\u00e3o rel\u00e2mpago, sendo submetido diretamente \u00e0 vota\u00e7\u00e3o no plen\u00e1rio ainda nesta ter\u00e7a-feira, sem a necessidade de passar pelas comiss\u00f5es tem\u00e1ticas da Casa.<\/p>\n<p>A vaga na Corte de Contas ficou dispon\u00edvel ap\u00f3s a antecipa\u00e7\u00e3o da aposentadoria do ministro Bruno Dantas, que deixou o cargo para atuar no setor privado.<\/p>\n<h2>Composi\u00e7\u00e3o e apoio pol\u00edtico<\/h2>\n<p>O Tribunal de Contas \u00e9 formado por nove ministros, sendo que tr\u00eas cadeiras s\u00e3o de indica\u00e7\u00e3o do Senado, tr\u00eas da C\u00e2mara dos Deputados e outras tr\u00eas do Poder Executivo, sendo esta vaga espec\u00edfica de cota dos senadores.<\/p>\n<p>O Pal\u00e1cio do Planalto deve orientar a base governista a votar favoravelmente \u00e0 escolha, embora aliados do governo reforcem que o preenchimento da vaga \u00e9 uma prerrogativa interna do Senado Federal.<\/p>\n<p>A movimenta\u00e7\u00e3o ocorre em um cen\u00e1rio de estreitamento de la\u00e7os entre o presidente Luiz In\u00e1cio Lula da Silva e Alcolumbre, enquanto o governo tenta destravar pautas priorit\u00e1rias no Congresso.<\/p>\n<p>Paralelamente, a chegada de Pacheco ao tribunal \u00e9 vista por parlamentares como um mecanismo para pacificar o ambiente pol\u00edtico e acomodar diferentes correntes partid\u00e1rias, ap\u00f3s um per\u00edodo de atritos institucionais.<\/p>\n<p>Anteriormente cotado para o Supremo Tribunal Federal, Pacheco viu o caminho para o TCU se consolidar ap\u00f3s recusar convites do Planalto para disputar o governo de Minas Gerais nas pr\u00f3ximas elei\u00e7\u00f5es, abrindo espa\u00e7o para uma transi\u00e7\u00e3o sem atritos para o tribunal.<\/p>\n<p>Por Reda\u00e7\u00e3o Acontece<\/p>\n<p>Imagem: Ag\u00eancia Senado \/ Divulga\u00e7\u00e3o<\/p>\n","protected":false},"excerpt":{"rendered":"<p>O presidente do Senado, Davi Alcolumbre, protocolou formalmente na noite desta segunda-feira o projeto de decreto legislativo que prop\u00f5e o nome do senador Rodrigo Pacheco para assumir uma cadeira no Tribunal de Contas da Uni\u00e3o. Tramita\u00e7\u00e3o acelerada no plen\u00e1rio A expectativa nos bastidores pol\u00edticos \u00e9 de que o processo tenha uma tramita\u00e7\u00e3o rel\u00e2mpago, sendo submetido [&hellip;]<\/p>\n","protected":false},"author":0,"featured_media":32896,"comment_status":"open","ping_status":"open","sticky":false,"template":"","format":"standard","meta":{"footnotes":""},"categories":[28],"tags":[],"class_list":["post-32889","post","type-post","status-publish","format-standard","has-post-thumbnail","hentry","category-mundo"],"_links":{"self":[{"href":"https:\/\/acontecenafronteira.com.br\/index.php\/wp-json\/wp\/v2\/posts\/32889","targetHints":{"allow":["GET"]}}],"collection":[{"href":"https:\/\/acontecenafronteira.com.br\/index.php\/wp-json\/wp\/v2\/posts"}],"about":[{"href":"https:\/\/acontecenafronteira.com.br\/index.php\/wp-json\/wp\/v2\/types\/post"}],"replies":[{"embeddable":true,"href":"https:\/\/acontecenafronteira.com.br\/index.php\/wp-json\/wp\/v2\/comments?post=32889"}],"version-history":[{"count":1,"href":"https:\/\/acontecenafronteira.com.br\/index.php\/wp-json\/wp\/v2\/posts\/32889\/revisions"}],"predecessor-version":[{"id":32895,"href":"https:\/\/acontecenafronteira.com.br\/index.php\/wp-json\/wp\/v2\/posts\/32889\/revisions\/32895"}],"wp:featuredmedia":[{"embeddable":true,"href":"https:\/\/acontecenafronteira.com.br\/index.php\/wp-json\/wp\/v2\/media\/32896"}],"wp:attachment":[{"href":"https:\/\/acontecenafronteira.com.br\/index.php\/wp-json\/wp\/v2\/media?parent=32889"}],"wp:term":[{"taxonomy":"category","embeddable":true,"href":"https:\/\/acontecenafronteira.com.br\/index.php\/wp-json\/wp\/v2\/categories?post=32889"},{"taxonomy":"post_tag","embeddable":true,"href":"https:\/\/acontecenafronteira.com.br\/index.php\/wp-json\/wp\/v2\/tags?post=32889"}],"curies":[{"name":"wp","href":"https:\/\/api.w.org\/{rel}","templated":true}]}}