{"id":32888,"date":"2026-08-31T23:35:56","date_gmt":"2026-09-01T02:35:56","guid":{"rendered":"https:\/\/acontecenafronteira.com.br\/?p=32888"},"modified":"2026-08-31T23:35:56","modified_gmt":"2026-09-01T02:35:56","slug":"the-economist-compara-renan-santos-a-milei-e-ve-liberalismo","status":"publish","type":"post","link":"https:\/\/acontecenafronteira.com.br\/index.php\/2026\/08\/31\/the-economist-compara-renan-santos-a-milei-e-ve-liberalismo\/","title":{"rendered":"The Economist compara Renan Santos a Milei e v\u00ea liberalismo"},"content":{"rendered":"<p>A prestigiada publica\u00e7\u00e3o brit\u00e2nica The Economist colocou em pauta a trajet\u00f3ria de <strong>Renan Santos<\/strong>, candidato ao Pal\u00e1cio do Planalto pelo partido Miss\u00e3o, tra\u00e7ando paralelos diretos com o presidente argentino <strong>Javier Milei<\/strong> e avaliando sua plataforma econ\u00f4mica detalhada.<\/p>\n<h2>Semelhan\u00e7as com Milei e o foco no mercado<\/h2>\n<\/p>\n<p>O artigo aponta que o ativista pol\u00edtico compartilha tra\u00e7os com o l\u00edder sul-americano, destacando uma obsess\u00e3o compartilhada pelo <strong>livre mercado<\/strong> e o uso de uma est\u00e9tica roqueira para promover suas ideias de concorr\u00eancia e carga tribut\u00e1ria reduzida, embora assessores ponderem sobre a qualidade musical de ambos. A publica\u00e7\u00e3o tamb\u00e9m detalha a estrutura da sede do movimento como uma verdadeira start-up voltada \u00e0 revolu\u00e7\u00e3o cultural e pol\u00edtica.<\/p>\n<h2>Posicionamento ideol\u00f3gico e cr\u00edticas ao progressismo<\/h2>\n<\/p>\n<p>Segundo o texto da revista, o foco na comunica\u00e7\u00e3o digital surge como uma rea\u00e7\u00e3o direta ao que o candidato classifica como &#8220;woke\u00edsmo&#8221;. O presidenci\u00e1vel argumenta que muitos jovens de sua gera\u00e7\u00e3o se afastaram de pautas progressistas ap\u00f3s enfrentarem press\u00f5es sobre pautas de g\u00eanero e comportamento, buscando distanciar seu grupo do movimento trumpista e focando primordialmente na pauta econ\u00f4mica.<\/p>\n<h2>Propostas econ\u00f4micas e pragmatismo<\/h2>\n<\/p>\n<p>A legenda defende um liberalismo pragm\u00e1tico, distanciando-se de vis\u00f5es libert\u00e1rias extremas que ignoram a relev\u00e2ncia do Estado. Entre as medidas defendidas est\u00e3o cortes severos de gastos p\u00fablicos, desvincula\u00e7\u00e3o do sal\u00e1rio m\u00ednimo de benef\u00edcios previdenci\u00e1rios e reformas administrativas para viabilizar investimentos em infraestrutura, visando impulsionar o crescimento do PIB nacional.<\/p>\n<h2>Controv\u00e9rsias e seguran\u00e7a p\u00fablica<\/h2>\n<\/p>\n<p>Por outro lado, o ve\u00edculo faz ressalvas quanto \u00e0s diretrizes para a seguran\u00e7a p\u00fablica, apontando tra\u00e7os de populismo e men\u00e7\u00f5es elogiosas ao modelo de <strong>Nayib Bukele<\/strong> em El Salvador. A publica\u00e7\u00e3o tamb\u00e9m pondera sobre os desafios que o candidato enfrentar\u00e1 para angariar votos junto ao eleitorado feminino, devido a pol\u00eamicas passadas envolvendo aliados pol\u00edticos.<\/p>\n<p>Por fim, a an\u00e1lise conclui que, apesar dos obst\u00e1culos impostos pela forte polariza\u00e7\u00e3o e pela for\u00e7a dos partidos tradicionais no pa\u00eds, a candidatura oferece \u00e0 direita brasileira uma via alternativa ao bolsonarismo.<\/p>\n<p>Por Reda\u00e7\u00e3o Acontece<\/p>\n<p>Foto: Divulga\u00e7\u00e3o<\/p>\n","protected":false},"excerpt":{"rendered":"<p>A prestigiada publica\u00e7\u00e3o brit\u00e2nica The Economist colocou em pauta a trajet\u00f3ria de Renan Santos, candidato ao Pal\u00e1cio do Planalto pelo partido Miss\u00e3o, tra\u00e7ando paralelos diretos com o presidente argentino Javier Milei e avaliando sua plataforma econ\u00f4mica detalhada. Semelhan\u00e7as com Milei e o foco no mercado O artigo aponta que o ativista pol\u00edtico compartilha tra\u00e7os com [&hellip;]<\/p>\n","protected":false},"author":0,"featured_media":32894,"comment_status":"open","ping_status":"open","sticky":false,"template":"","format":"standard","meta":{"footnotes":""},"categories":[28],"tags":[],"class_list":["post-32888","post","type-post","status-publish","format-standard","has-post-thumbnail","hentry","category-mundo"],"_links":{"self":[{"href":"https:\/\/acontecenafronteira.com.br\/index.php\/wp-json\/wp\/v2\/posts\/32888","targetHints":{"allow":["GET"]}}],"collection":[{"href":"https:\/\/acontecenafronteira.com.br\/index.php\/wp-json\/wp\/v2\/posts"}],"about":[{"href":"https:\/\/acontecenafronteira.com.br\/index.php\/wp-json\/wp\/v2\/types\/post"}],"replies":[{"embeddable":true,"href":"https:\/\/acontecenafronteira.com.br\/index.php\/wp-json\/wp\/v2\/comments?post=32888"}],"version-history":[{"count":1,"href":"https:\/\/acontecenafronteira.com.br\/index.php\/wp-json\/wp\/v2\/posts\/32888\/revisions"}],"predecessor-version":[{"id":32893,"href":"https:\/\/acontecenafronteira.com.br\/index.php\/wp-json\/wp\/v2\/posts\/32888\/revisions\/32893"}],"wp:featuredmedia":[{"embeddable":true,"href":"https:\/\/acontecenafronteira.com.br\/index.php\/wp-json\/wp\/v2\/media\/32894"}],"wp:attachment":[{"href":"https:\/\/acontecenafronteira.com.br\/index.php\/wp-json\/wp\/v2\/media?parent=32888"}],"wp:term":[{"taxonomy":"category","embeddable":true,"href":"https:\/\/acontecenafronteira.com.br\/index.php\/wp-json\/wp\/v2\/categories?post=32888"},{"taxonomy":"post_tag","embeddable":true,"href":"https:\/\/acontecenafronteira.com.br\/index.php\/wp-json\/wp\/v2\/tags?post=32888"}],"curies":[{"name":"wp","href":"https:\/\/api.w.org\/{rel}","templated":true}]}}