{"id":32878,"date":"2026-08-31T22:36:52","date_gmt":"2026-09-01T01:36:52","guid":{"rendered":"https:\/\/acontecenafronteira.com.br\/?p=32878"},"modified":"2026-08-31T22:36:52","modified_gmt":"2026-09-01T01:36:52","slug":"duda-lima-define-papel-na-campanha-de-flavio-bolsonaro","status":"publish","type":"post","link":"https:\/\/acontecenafronteira.com.br\/index.php\/2026\/08\/31\/duda-lima-define-papel-na-campanha-de-flavio-bolsonaro\/","title":{"rendered":"Duda Lima define papel na campanha de Fl\u00e1vio Bolsonaro"},"content":{"rendered":"<p>O estrategista pol\u00edtico <strong>Duda Lima<\/strong> adotou um tom direto ao ser questionado sobre a sua fun\u00e7\u00e3o na campanha eleitoral de <strong>Fl\u00e1vio Bolsonaro<\/strong> e sobre as compara\u00e7\u00f5es com o estilo de seus antecessores na mesma fun\u00e7\u00e3o.<\/p>\n<h2>A vis\u00e3o sobre o trabalho nos bastidores<\/h2>\n<p>Durante um encontro realizado no comit\u00ea central da candidatura, o profissional fez quest\u00e3o de ressaltar que prefere manter a discri\u00e7\u00e3o em rela\u00e7\u00e3o aos seus concorrentes e predecessores na \u00e1rea de marketing pol\u00edtico.<\/p>\n<h2>O verdadeiro foco de uma elei\u00e7\u00e3o<\/h2>\n<p>Sem paci\u00eancia para grandes delongas, o especialista disparou uma frase enf\u00e1tica para resumir sua filosofia de trabalho e o que considera fundamental para qualquer profissional da comunica\u00e7\u00e3o eleitoral.<\/p>\n<p>De acordo com ele, quem atua no setor n\u00e3o deve buscar holofotes, pois a prioridade absoluta de qualquer estrat\u00e9gia deve ser sempre a figura do candidato em disputa.<\/p>\n<p>O marqueteiro concluiu afirmando que ignorar essa premissa b\u00e1sica significa desconhecer os fundamentos essenciais da pr\u00f3pria profiss\u00e3o.<\/p>\n<p>Por Reda\u00e7\u00e3o Acontece<\/p>\n<p>Cr\u00e9ditos da imagem: Reprodu\u00e7\u00e3o \/ Redes Sociais<\/p>\n","protected":false},"excerpt":{"rendered":"<p>O estrategista pol\u00edtico Duda Lima adotou um tom direto ao ser questionado sobre a sua fun\u00e7\u00e3o na campanha eleitoral de Fl\u00e1vio Bolsonaro e sobre as compara\u00e7\u00f5es com o estilo de seus antecessores na mesma fun\u00e7\u00e3o. A vis\u00e3o sobre o trabalho nos bastidores Durante um encontro realizado no comit\u00ea central da candidatura, o profissional fez quest\u00e3o [&hellip;]<\/p>\n","protected":false},"author":0,"featured_media":32886,"comment_status":"open","ping_status":"open","sticky":false,"template":"","format":"standard","meta":{"footnotes":""},"categories":[6],"tags":[],"class_list":["post-32878","post","type-post","status-publish","format-standard","has-post-thumbnail","hentry","category-mercosul"],"_links":{"self":[{"href":"https:\/\/acontecenafronteira.com.br\/index.php\/wp-json\/wp\/v2\/posts\/32878","targetHints":{"allow":["GET"]}}],"collection":[{"href":"https:\/\/acontecenafronteira.com.br\/index.php\/wp-json\/wp\/v2\/posts"}],"about":[{"href":"https:\/\/acontecenafronteira.com.br\/index.php\/wp-json\/wp\/v2\/types\/post"}],"replies":[{"embeddable":true,"href":"https:\/\/acontecenafronteira.com.br\/index.php\/wp-json\/wp\/v2\/comments?post=32878"}],"version-history":[{"count":1,"href":"https:\/\/acontecenafronteira.com.br\/index.php\/wp-json\/wp\/v2\/posts\/32878\/revisions"}],"predecessor-version":[{"id":32885,"href":"https:\/\/acontecenafronteira.com.br\/index.php\/wp-json\/wp\/v2\/posts\/32878\/revisions\/32885"}],"wp:featuredmedia":[{"embeddable":true,"href":"https:\/\/acontecenafronteira.com.br\/index.php\/wp-json\/wp\/v2\/media\/32886"}],"wp:attachment":[{"href":"https:\/\/acontecenafronteira.com.br\/index.php\/wp-json\/wp\/v2\/media?parent=32878"}],"wp:term":[{"taxonomy":"category","embeddable":true,"href":"https:\/\/acontecenafronteira.com.br\/index.php\/wp-json\/wp\/v2\/categories?post=32878"},{"taxonomy":"post_tag","embeddable":true,"href":"https:\/\/acontecenafronteira.com.br\/index.php\/wp-json\/wp\/v2\/tags?post=32878"}],"curies":[{"name":"wp","href":"https:\/\/api.w.org\/{rel}","templated":true}]}}