{"id":32877,"date":"2026-08-31T22:36:32","date_gmt":"2026-09-01T01:36:32","guid":{"rendered":"https:\/\/acontecenafronteira.com.br\/?p=32877"},"modified":"2026-08-31T22:36:32","modified_gmt":"2026-09-01T01:36:32","slug":"metroviarios-do-df-adiam-greve-apos-apelo-do-trt-10","status":"publish","type":"post","link":"https:\/\/acontecenafronteira.com.br\/index.php\/2026\/08\/31\/metroviarios-do-df-adiam-greve-apos-apelo-do-trt-10\/","title":{"rendered":"Metrovi\u00e1rios do DF adiam greve ap\u00f3s apelo do TRT-10"},"content":{"rendered":"<p>O Sindicato dos Trabalhadores em Empresas de Transportes Metrovi\u00e1rios do Distrito Federal (Sindmetr\u00f4-DF) decidiu adiar por 15 dias a paralisa\u00e7\u00e3o da categoria que estava agendada para esta ter\u00e7a-feira (1\u00ba\/9).<\/p>\n<h2>Decis\u00e3o tomada ap\u00f3s solicita\u00e7\u00e3o judicial<\/h2>\n<p>A suspens\u00e3o da greve aconteceu em atendimento a uma solicita\u00e7\u00e3o oficial do Tribunal Regional do Trabalho da 10\u00aa Regi\u00e3o (TRT-10), encaminhada \u00e0 entidade sindical por volta das 18h da \u00faltima segunda-feira (31\/8). Imediatamente ap\u00f3s receber o documento, a categoria se reuniu em assembleia \u00e0s 20h do mesmo dia para debater os termos e aceitar o pedido da Justi\u00e7a trabalhista.<\/p>\n<p>Com essa reviravolta, a Companhia do Metropolitano do Distrito Federal (Metr\u00f4-DF) assegurou que toda a opera\u00e7\u00e3o dos trens funciona sem altera\u00e7\u00f5es nesta ter\u00e7a-feira (1\u00ba\/9), mantendo o atendimento regular aos passageiros enquanto as conversas continuam.<\/p>\n<h2>Posicionamento sobre o acordo coletivo<\/h2>\n<p>A empresa p\u00fablica destacou que segue totalmente aberta ao di\u00e1logo para fechar o Acordo Coletivo de Trabalho de 2026, priorizando sempre um entendimento pac\u00edfico com os colaboradores.<\/p>\n<p>Sobre a demanda por novas contrata\u00e7\u00f5es, a administra\u00e7\u00e3o esclareceu que n\u00e3o existe resist\u00eancia por parte da dire\u00e7\u00e3o ou do Governo do Distrito Federal em rela\u00e7\u00e3o \u00e0 realiza\u00e7\u00e3o de um novo concurso p\u00fablico para suprir a car\u00eancia de pessoal.<\/p>\n<h2>Tramita\u00e7\u00e3o do concurso p\u00fablico<\/h2>\n<p>O processo administrativo voltado para a recomposi\u00e7\u00e3o do quadro de funcion\u00e1rios j\u00e1 est\u00e1 em fase final de andamento dentro da Secretaria de Economia (SEEC).<\/p>\n<p>Os \u00f3rg\u00e3os competentes trabalham de forma integrada para cumprir todas as exig\u00eancias legais, fiscais e or\u00e7ament\u00e1rias que antecedem a libera\u00e7\u00e3o oficial da sele\u00e7\u00e3o.<\/p>\n<p>Por fim, a dire\u00e7\u00e3o do transporte subterr\u00e2neo garantiu que monitora de perto cada etapa dessa burocracia para acelerar o processo ao m\u00e1ximo, sempre respeitando as normas que regem a administra\u00e7\u00e3o p\u00fablica.<\/p>\n<p>Por Reda\u00e7\u00e3o Acontece<\/p>\n<p>Cr\u00e9ditos da imagem: Divulga\u00e7\u00e3o \/ Metr\u00f4-DF<\/p>\n","protected":false},"excerpt":{"rendered":"<p>O Sindicato dos Trabalhadores em Empresas de Transportes Metrovi\u00e1rios do Distrito Federal (Sindmetr\u00f4-DF) decidiu adiar por 15 dias a paralisa\u00e7\u00e3o da categoria que estava agendada para esta ter\u00e7a-feira (1\u00ba\/9). Decis\u00e3o tomada ap\u00f3s solicita\u00e7\u00e3o judicial A suspens\u00e3o da greve aconteceu em atendimento a uma solicita\u00e7\u00e3o oficial do Tribunal Regional do Trabalho da 10\u00aa Regi\u00e3o (TRT-10), encaminhada [&hellip;]<\/p>\n","protected":false},"author":0,"featured_media":32884,"comment_status":"open","ping_status":"open","sticky":false,"template":"","format":"standard","meta":{"footnotes":""},"categories":[6],"tags":[],"class_list":["post-32877","post","type-post","status-publish","format-standard","has-post-thumbnail","hentry","category-mercosul"],"_links":{"self":[{"href":"https:\/\/acontecenafronteira.com.br\/index.php\/wp-json\/wp\/v2\/posts\/32877","targetHints":{"allow":["GET"]}}],"collection":[{"href":"https:\/\/acontecenafronteira.com.br\/index.php\/wp-json\/wp\/v2\/posts"}],"about":[{"href":"https:\/\/acontecenafronteira.com.br\/index.php\/wp-json\/wp\/v2\/types\/post"}],"replies":[{"embeddable":true,"href":"https:\/\/acontecenafronteira.com.br\/index.php\/wp-json\/wp\/v2\/comments?post=32877"}],"version-history":[{"count":1,"href":"https:\/\/acontecenafronteira.com.br\/index.php\/wp-json\/wp\/v2\/posts\/32877\/revisions"}],"predecessor-version":[{"id":32883,"href":"https:\/\/acontecenafronteira.com.br\/index.php\/wp-json\/wp\/v2\/posts\/32877\/revisions\/32883"}],"wp:featuredmedia":[{"embeddable":true,"href":"https:\/\/acontecenafronteira.com.br\/index.php\/wp-json\/wp\/v2\/media\/32884"}],"wp:attachment":[{"href":"https:\/\/acontecenafronteira.com.br\/index.php\/wp-json\/wp\/v2\/media?parent=32877"}],"wp:term":[{"taxonomy":"category","embeddable":true,"href":"https:\/\/acontecenafronteira.com.br\/index.php\/wp-json\/wp\/v2\/categories?post=32877"},{"taxonomy":"post_tag","embeddable":true,"href":"https:\/\/acontecenafronteira.com.br\/index.php\/wp-json\/wp\/v2\/tags?post=32877"}],"curies":[{"name":"wp","href":"https:\/\/api.w.org\/{rel}","templated":true}]}}