{"id":32875,"date":"2026-08-31T22:36:23","date_gmt":"2026-09-01T01:36:23","guid":{"rendered":"https:\/\/acontecenafronteira.com.br\/?p=32875"},"modified":"2026-08-31T22:36:23","modified_gmt":"2026-09-01T01:36:23","slug":"secretario-do-exercito-dos-eua-renuncia-apos-crise-no-pentagono","status":"publish","type":"post","link":"https:\/\/acontecenafronteira.com.br\/index.php\/2026\/08\/31\/secretario-do-exercito-dos-eua-renuncia-apos-crise-no-pentagono\/","title":{"rendered":"Secret\u00e1rio do Ex\u00e9rcito dos EUA renuncia ap\u00f3s crise no Pent\u00e1gono"},"content":{"rendered":"<p>O secret\u00e1rio do Ex\u00e9rcito dos Estados Unidos, Dan Driscoll, entregou sua carta de ren\u00fancia \u00e0 Casa Branca na sequ\u00eancia de meses de desgaste e atritos com o secret\u00e1rio de Defesa, Pete Hegseth.<\/p>\n<h2>Atritos internos e diverg\u00eancias no Pent\u00e1gono<\/h2>\n<p>Conhecido por sua proximidade com o vice-presidente JD Vance, Driscoll \u00e9 o nome mais recente de peso a deixar o alto escal\u00e3o do Departamento de Defesa na gest\u00e3o atual. Fontes da imprensa internacional apontam que o chefe do Pent\u00e1gono j\u00e1 planejava o afastamento, enxergando o ex-secret\u00e1rio como um entrave na burocracia militar.<\/p>\n<p>A crise ganhou for\u00e7a ap\u00f3s mudan\u00e7as dr\u00e1sticas no comando das For\u00e7as Armadas, incluindo a demiss\u00e3o do chefe do Estado-Maior do Ex\u00e9rcito, general Randy George, em abril, e o bloqueio de promo\u00e7\u00f5es de oficiais de alta patente promovido por Hegseth.<\/p>\n<h2>Contexto geopol\u00edtico e negocia\u00e7\u00f5es internacionais<\/h2>\n<p>A sa\u00edda de Driscoll acontece em um momento delicado para Washington, com tropas mobilizadas no Oriente M\u00e9dio e o envolvimento em um conflito contra o Ir\u00e3. Al\u00e9m de suas fun\u00e7\u00f5es tradicionais de treinamento e equipamento da tropa, o ex-secret\u00e1rio havia ganhado destaque internacional ao ser designado por Donald Trump para integrar as tratativas diplom\u00e1ticas entre Moscou e Kiev visando o encerramento do conflito na Ucr\u00e2nia.<\/p>\n<p>Nos bastidores, Driscoll externou preocupa\u00e7\u00f5es de que a prontid\u00e3o militar estaria sendo comprometida pelas decis\u00f5es da lideran\u00e7a da Defesa. Ele tamb\u00e9m adotou uma postura cr\u00edtica em rela\u00e7\u00e3o aos grandes fabricantes de armamentos, acusando o setor de enganar o Pent\u00e1gono e a popula\u00e7\u00e3o norte-americana.<\/p>\n<h2>Posicionamento oficial da Casa Branca<\/h2>\n<p>Embora o Ex\u00e9rcito tenha evitado fazer declara\u00e7\u00f5es sobre o pedido de demiss\u00e3o, a administra\u00e7\u00e3o federal emitiu nota oficial destacando o legado da gest\u00e3o.<\/p>\n<p>A porta-voz da Casa Branca, Anna Kelly, exaltou o desempenho de Driscoll na condu\u00e7\u00e3o da pasta.<\/p>\n<p>\u201cO secret\u00e1rio Driscoll tem sido altamente eficaz no avan\u00e7o da agenda do presidente Trump para tornar os Estados Unidos fortes novamente no Departamento do Ex\u00e9rcito, oferecendo uma lideran\u00e7a excepcional durante opera\u00e7\u00f5es militares hist\u00f3ricas, restaurando a \u00eanfase na prontid\u00e3o e na letalidade, auxiliando nas negocia\u00e7\u00f5es entre R\u00fassia e Ucr\u00e2nia, entre outras a\u00e7\u00f5es\u201d, pontuou a representante governamental.<\/p>\n<p>Por Reda\u00e7\u00e3o Acontece<\/p>\n<p>Photo by Nathan Posner\/Anadolu via Getty Images<\/p>\n","protected":false},"excerpt":{"rendered":"<p>O secret\u00e1rio do Ex\u00e9rcito dos Estados Unidos, Dan Driscoll, entregou sua carta de ren\u00fancia \u00e0 Casa Branca na sequ\u00eancia de meses de desgaste e atritos com o secret\u00e1rio de Defesa, Pete Hegseth. Atritos internos e diverg\u00eancias no Pent\u00e1gono Conhecido por sua proximidade com o vice-presidente JD Vance, Driscoll \u00e9 o nome mais recente de peso [&hellip;]<\/p>\n","protected":false},"author":0,"featured_media":32880,"comment_status":"open","ping_status":"open","sticky":false,"template":"","format":"standard","meta":{"footnotes":""},"categories":[6],"tags":[],"class_list":["post-32875","post","type-post","status-publish","format-standard","has-post-thumbnail","hentry","category-mercosul"],"_links":{"self":[{"href":"https:\/\/acontecenafronteira.com.br\/index.php\/wp-json\/wp\/v2\/posts\/32875","targetHints":{"allow":["GET"]}}],"collection":[{"href":"https:\/\/acontecenafronteira.com.br\/index.php\/wp-json\/wp\/v2\/posts"}],"about":[{"href":"https:\/\/acontecenafronteira.com.br\/index.php\/wp-json\/wp\/v2\/types\/post"}],"replies":[{"embeddable":true,"href":"https:\/\/acontecenafronteira.com.br\/index.php\/wp-json\/wp\/v2\/comments?post=32875"}],"version-history":[{"count":1,"href":"https:\/\/acontecenafronteira.com.br\/index.php\/wp-json\/wp\/v2\/posts\/32875\/revisions"}],"predecessor-version":[{"id":32879,"href":"https:\/\/acontecenafronteira.com.br\/index.php\/wp-json\/wp\/v2\/posts\/32875\/revisions\/32879"}],"wp:featuredmedia":[{"embeddable":true,"href":"https:\/\/acontecenafronteira.com.br\/index.php\/wp-json\/wp\/v2\/media\/32880"}],"wp:attachment":[{"href":"https:\/\/acontecenafronteira.com.br\/index.php\/wp-json\/wp\/v2\/media?parent=32875"}],"wp:term":[{"taxonomy":"category","embeddable":true,"href":"https:\/\/acontecenafronteira.com.br\/index.php\/wp-json\/wp\/v2\/categories?post=32875"},{"taxonomy":"post_tag","embeddable":true,"href":"https:\/\/acontecenafronteira.com.br\/index.php\/wp-json\/wp\/v2\/tags?post=32875"}],"curies":[{"name":"wp","href":"https:\/\/api.w.org\/{rel}","templated":true}]}}