{"id":32866,"date":"2026-08-31T22:36:18","date_gmt":"2026-09-01T01:36:18","guid":{"rendered":"https:\/\/acontecenafronteira.com.br\/?p=32866"},"modified":"2026-08-31T22:36:18","modified_gmt":"2026-09-01T01:36:18","slug":"mp-eleitoral-inocenta-tarcisio-mas-ve-acao-da-pm-atipica-com-pt","status":"publish","type":"post","link":"https:\/\/acontecenafronteira.com.br\/index.php\/2026\/08\/31\/mp-eleitoral-inocenta-tarcisio-mas-ve-acao-da-pm-atipica-com-pt\/","title":{"rendered":"MP Eleitoral inocenta Tarc\u00edsio, mas v\u00ea a\u00e7\u00e3o da PM at\u00edpica com PT"},"content":{"rendered":"<p>MP Eleitoral inocenta Tarc\u00edsio, mas v\u00ea a\u00e7\u00e3o da PM at\u00edpica com PT Minist\u00e9rio P\u00fablico Eleitoral arquiva caso contra Tarc\u00edsio de Freitas, mas aponta que abordagem da PM ao motorista de Haddad n\u00e3o foi coincid\u00eancia. O Minist\u00e9rio P\u00fablico Eleitoral de S\u00e3o Paulo encerrou a investiga\u00e7\u00e3o contra o governador Tarc\u00edsio de Freitas (Republicanos) por suposto uso pol\u00edtico da Pol\u00edcia Militar, mas classificou como inveross\u00edmil a justificativa de patrulhamento rotineiro na abordagem ao motorista da campanha de Fernando Haddad (PT). <\/p>\n<h2>O parecer do Minist\u00e9rio P\u00fablico Eleitoral<\/h2>\n<p> Apesar de afastar puni\u00e7\u00f5es eleitorais diretas ao chefe do Executivo estadual, o procurador regional eleitoral Paulo Taubemblatt destacou em seu relat\u00f3rio que a atua\u00e7\u00e3o policial n\u00e3o pode ser tratada como mera casualidade. O documento aponta que duas equipes da For\u00e7a T\u00e1tica realizaram aproxima\u00e7\u00f5es at\u00edpicas ao ve\u00edculo que servia \u00e0 equipe petista em um intervalo de apenas 44 minutos, dentro de uma \u00e1rea restrita na capital paulista. <\/p>\n<h2>A defesa e as provas apresentadas<\/h2>\n<p> Com base no parecer do \u00f3rg\u00e3o ministerial, a campanha petista refor\u00e7ou as cr\u00edticas \u00e0 vers\u00e3o oficial apresentada pelas autoridades de seguran\u00e7a do estado. Segundo a defesa, liderada pelo advogado Thiago Rocha, os incidentes envolveram o cerco ao motorista Alessandro Caseri em diferentes pontos, incluindo a regi\u00e3o da Avenida 23 de Maio e as imedia\u00e7\u00f5es de um hotel na Vila Mariana, zona sul de S\u00e3o Paulo. Per\u00edcia aponta ve\u00edculo policial parado por 20 minutos pr\u00f3ximo ao local onde o condutor aguardava. Laudos t\u00e9cnicos anexados ao inqu\u00e9rito policial que tramita no 96\u00ba Distrito Policial desmentiriam a narrativa de que nenhuma a\u00e7\u00e3o coordenada ocorreu contra a equipe do candidato de oposi\u00e7\u00e3o. <\/p>\n<h2>Desdobramentos e resposta oficial<\/h2>\n<p> Durante pronunciamento recente, o ex-ministro cobrou transpar\u00eancia nas investiga\u00e7\u00f5es e relatou resist\u00eancia por parte da c\u00fapula da seguran\u00e7a p\u00fablica na an\u00e1lise de imagens complementares solicitadas pela defesa t\u00e9cnica. At\u00e9 o momento, a Secretaria de Seguran\u00e7a P\u00fablica informou que estuda uma manifesta\u00e7\u00e3o oficial para responder aos questionamentos levantados pelo Minist\u00e9rio P\u00fablico Eleitoral e pelos representantes da campanha. Por Reda\u00e7\u00e3o Acontece Reprodu\u00e7\u00e3o<\/p>\n","protected":false},"excerpt":{"rendered":"<p>MP Eleitoral inocenta Tarc\u00edsio, mas v\u00ea a\u00e7\u00e3o da PM at\u00edpica com PT Minist\u00e9rio P\u00fablico Eleitoral arquiva caso contra Tarc\u00edsio de Freitas, mas aponta que abordagem da PM ao motorista de Haddad n\u00e3o foi coincid\u00eancia. O Minist\u00e9rio P\u00fablico Eleitoral de S\u00e3o Paulo encerrou a investiga\u00e7\u00e3o contra o governador Tarc\u00edsio de Freitas (Republicanos) por suposto uso pol\u00edtico [&hellip;]<\/p>\n","protected":false},"author":0,"featured_media":32874,"comment_status":"open","ping_status":"open","sticky":false,"template":"","format":"standard","meta":{"footnotes":""},"categories":[28],"tags":[],"class_list":["post-32866","post","type-post","status-publish","format-standard","has-post-thumbnail","hentry","category-mundo"],"_links":{"self":[{"href":"https:\/\/acontecenafronteira.com.br\/index.php\/wp-json\/wp\/v2\/posts\/32866","targetHints":{"allow":["GET"]}}],"collection":[{"href":"https:\/\/acontecenafronteira.com.br\/index.php\/wp-json\/wp\/v2\/posts"}],"about":[{"href":"https:\/\/acontecenafronteira.com.br\/index.php\/wp-json\/wp\/v2\/types\/post"}],"replies":[{"embeddable":true,"href":"https:\/\/acontecenafronteira.com.br\/index.php\/wp-json\/wp\/v2\/comments?post=32866"}],"version-history":[{"count":1,"href":"https:\/\/acontecenafronteira.com.br\/index.php\/wp-json\/wp\/v2\/posts\/32866\/revisions"}],"predecessor-version":[{"id":32873,"href":"https:\/\/acontecenafronteira.com.br\/index.php\/wp-json\/wp\/v2\/posts\/32866\/revisions\/32873"}],"wp:featuredmedia":[{"embeddable":true,"href":"https:\/\/acontecenafronteira.com.br\/index.php\/wp-json\/wp\/v2\/media\/32874"}],"wp:attachment":[{"href":"https:\/\/acontecenafronteira.com.br\/index.php\/wp-json\/wp\/v2\/media?parent=32866"}],"wp:term":[{"taxonomy":"category","embeddable":true,"href":"https:\/\/acontecenafronteira.com.br\/index.php\/wp-json\/wp\/v2\/categories?post=32866"},{"taxonomy":"post_tag","embeddable":true,"href":"https:\/\/acontecenafronteira.com.br\/index.php\/wp-json\/wp\/v2\/tags?post=32866"}],"curies":[{"name":"wp","href":"https:\/\/api.w.org\/{rel}","templated":true}]}}