{"id":32864,"date":"2026-08-31T22:36:05","date_gmt":"2026-09-01T01:36:05","guid":{"rendered":"https:\/\/acontecenafronteira.com.br\/?p=32864"},"modified":"2026-08-31T22:36:05","modified_gmt":"2026-09-01T01:36:05","slug":"camara-aprova-credito-de-r-30-bi-para-carros-de-app-e-taxis","status":"publish","type":"post","link":"https:\/\/acontecenafronteira.com.br\/index.php\/2026\/08\/31\/camara-aprova-credito-de-r-30-bi-para-carros-de-app-e-taxis\/","title":{"rendered":"C\u00e2mara aprova cr\u00e9dito de R$ 30 bi para carros de app e t\u00e1xis"},"content":{"rendered":"<p>A C\u00e2mara dos Deputados deu o aval, nesta segunda-feira, para a medida provis\u00f3ria que institui um fundo de R$ 30 bilh\u00f5es voltado ao financiamento de ve\u00edculos para taxistas e motoristas de aplicativos. A proposta integra o pacote de a\u00e7\u00f5es do governo federal com foco no apoio financeiro a essas categorias profissionais.<\/p>\n<h2>Pr\u00f3ximos passos no Congresso<\/h2>\n<p>Para que o texto ganhe car\u00e1ter definitivo, a mat\u00e9ria ainda necessita de valida\u00e7\u00e3o no plen\u00e1rio do Senado. Embora o prazo de vig\u00eancia se estenda at\u00e9 outubro, a expectativa \u00e9 de ritmo reduzido nas atividades parlamentares devido ao per\u00edodo eleitoral, tornando esta semana a \u00faltima com foco em vota\u00e7\u00f5es antes do pleito marcado para 4 de outubro.<\/p>\n<h2>Regras e novos limites do financiamento<\/h2>\n<p>Com gest\u00e3o do BNDES utilizando recursos repassados pelo Tesouro Nacional, o programa teve suas condi\u00e7\u00f5es recentemente flexibilizadas pelo Executivo. O prazo limite para quita\u00e7\u00e3o foi estendido para at\u00e9 84 meses, com car\u00eancia de at\u00e9 meio ano, enquanto o teto para o valor do ve\u00edculo eleg\u00edvel passou a ser de R$ 200 mil.<\/p>\n<h2>Amplia\u00e7\u00e3o do escopo e impacto fiscal<\/h2>\n<p>A relatora da proposta incluiu modifica\u00e7\u00f5es aceitas pela base aliada, ampliando o benef\u00edcio para o setor de transporte escolar e exigindo relat\u00f3rios de impacto socioecon\u00f4mico e ambiental ao Congresso. A contabiliza\u00e7\u00e3o dos R$ 30 bilh\u00f5es ocorre como despesa financeira, ficando fora do c\u00e1lculo da meta de resultado prim\u00e1rio.<\/p>\n<p>Por Reda\u00e7\u00e3o Acontece<\/p>\n<p>Imagem: Divula\u00e7\u00e3o\/Ag\u00eancia C\u00e2mara<\/p>\n","protected":false},"excerpt":{"rendered":"<p>A C\u00e2mara dos Deputados deu o aval, nesta segunda-feira, para a medida provis\u00f3ria que institui um fundo de R$ 30 bilh\u00f5es voltado ao financiamento de ve\u00edculos para taxistas e motoristas de aplicativos. A proposta integra o pacote de a\u00e7\u00f5es do governo federal com foco no apoio financeiro a essas categorias profissionais. Pr\u00f3ximos passos no Congresso [&hellip;]<\/p>\n","protected":false},"author":0,"featured_media":32870,"comment_status":"open","ping_status":"open","sticky":false,"template":"","format":"standard","meta":{"footnotes":""},"categories":[28],"tags":[],"class_list":["post-32864","post","type-post","status-publish","format-standard","has-post-thumbnail","hentry","category-mundo"],"_links":{"self":[{"href":"https:\/\/acontecenafronteira.com.br\/index.php\/wp-json\/wp\/v2\/posts\/32864","targetHints":{"allow":["GET"]}}],"collection":[{"href":"https:\/\/acontecenafronteira.com.br\/index.php\/wp-json\/wp\/v2\/posts"}],"about":[{"href":"https:\/\/acontecenafronteira.com.br\/index.php\/wp-json\/wp\/v2\/types\/post"}],"replies":[{"embeddable":true,"href":"https:\/\/acontecenafronteira.com.br\/index.php\/wp-json\/wp\/v2\/comments?post=32864"}],"version-history":[{"count":1,"href":"https:\/\/acontecenafronteira.com.br\/index.php\/wp-json\/wp\/v2\/posts\/32864\/revisions"}],"predecessor-version":[{"id":32869,"href":"https:\/\/acontecenafronteira.com.br\/index.php\/wp-json\/wp\/v2\/posts\/32864\/revisions\/32869"}],"wp:featuredmedia":[{"embeddable":true,"href":"https:\/\/acontecenafronteira.com.br\/index.php\/wp-json\/wp\/v2\/media\/32870"}],"wp:attachment":[{"href":"https:\/\/acontecenafronteira.com.br\/index.php\/wp-json\/wp\/v2\/media?parent=32864"}],"wp:term":[{"taxonomy":"category","embeddable":true,"href":"https:\/\/acontecenafronteira.com.br\/index.php\/wp-json\/wp\/v2\/categories?post=32864"},{"taxonomy":"post_tag","embeddable":true,"href":"https:\/\/acontecenafronteira.com.br\/index.php\/wp-json\/wp\/v2\/tags?post=32864"}],"curies":[{"name":"wp","href":"https:\/\/api.w.org\/{rel}","templated":true}]}}