{"id":32863,"date":"2026-08-31T22:36:00","date_gmt":"2026-09-01T01:36:00","guid":{"rendered":"https:\/\/acontecenafronteira.com.br\/?p=32863"},"modified":"2026-08-31T22:36:00","modified_gmt":"2026-09-01T01:36:00","slug":"gabriel-jesus-no-barcelona-hansi-flick-elogia-reforco","status":"publish","type":"post","link":"https:\/\/acontecenafronteira.com.br\/index.php\/2026\/08\/31\/gabriel-jesus-no-barcelona-hansi-flick-elogia-reforco\/","title":{"rendered":"Gabriel Jesus no Barcelona: Hansi Flick elogia refor\u00e7o"},"content":{"rendered":"<p>O atacante Gabriel Jesus esteve presente nas tribunas do Camp Nou nesta \u00faltima segunda-feira para acompanhar a goleada do Barcelona por 5 a 2 sobre o Rayo Vallecano, v\u00e1lida pela terceira rodada do Campeonato Espanhol.<\/p>\n<h2>Elogios do treinador<\/h2>\n<p>Em coletiva de imprensa ap\u00f3s o confronto, o t\u00e9cnico Hansi Flick comentou brevemente sobre a chegada do atleta brasileiro e n\u00e3o poupou palavras positivas sobre suas qualidades t\u00e9cnicas.<\/p>\n<p>Para mim, o Gabriel Jesus \u00e9 um <b>atacante top<\/b>. Estou muito contente por ele estar aqui. Ele pode nos dar muitas coisas, afirmou o comandante alem\u00e3o.<\/p>\n<h2>Detalhes da negocia\u00e7\u00e3o<\/h2>\n<p>O jogador desembarcou na Espanha nesta segunda-feira com a miss\u00e3o de realizar os exames m\u00e9dicos obrigat\u00f3rios e finalizar os \u00faltimos detalhes burocr\u00e1ticos para assinar com o clube catal\u00e3o, cujo an\u00fancio oficial est\u00e1 previsto para a pr\u00f3xima ter\u00e7a-feira.<\/p>\n<p>Sem espa\u00e7o no Arsenal, onde inclusive ficou ausente de treinamentos recentes e de partidas oficiais da temporada, o brasileiro deve firmar um v\u00ednculo v\u00e1lido por tr\u00eas temporadas.<\/p>\n<h2>Valores e contexto da contrata\u00e7\u00e3o<\/h2>\n<p>As tratativas entre os clubes avan\u00e7aram rapidamente na reta final da janela de transfer\u00eancias, resultando em um acordo fixado em 10 milh\u00f5es de euros, somados a 4 milh\u00f5es de euros em metas e b\u00f4nus.<\/p>\n<p>O contrato anterior com os ingleses se estendia at\u00e9 junho de 2027, mas a falta de oportunidades pesou na decis\u00e3o de mudan\u00e7a.<\/p>\n<p>O clube catal\u00e3o precisava de reposi\u00e7\u00e3o imediata para o setor ofensivo ap\u00f3s as sa\u00eddas de Robert Lewandowski e Ferran Torres. A diretoria catal\u00e3 tentou a contrata\u00e7\u00e3o de Juli\u00e1n \u00c1lvarez, mas o Atl\u00e9tico de Madrid n\u00e3o liberou o atleta, tornando o brasileiro a principal alternativa para o comando do ataque.<\/p>\n<p>Por Reda\u00e7\u00e3o Acontece<\/p>\n<p>Foto: Divulga\u00e7\u00e3o\/Barcelona<\/p>\n","protected":false},"excerpt":{"rendered":"<p>O atacante Gabriel Jesus esteve presente nas tribunas do Camp Nou nesta \u00faltima segunda-feira para acompanhar a goleada do Barcelona por 5 a 2 sobre o Rayo Vallecano, v\u00e1lida pela terceira rodada do Campeonato Espanhol. Elogios do treinador Em coletiva de imprensa ap\u00f3s o confronto, o t\u00e9cnico Hansi Flick comentou brevemente sobre a chegada do [&hellip;]<\/p>\n","protected":false},"author":0,"featured_media":32868,"comment_status":"open","ping_status":"open","sticky":false,"template":"","format":"standard","meta":{"footnotes":""},"categories":[28],"tags":[],"class_list":["post-32863","post","type-post","status-publish","format-standard","has-post-thumbnail","hentry","category-mundo"],"_links":{"self":[{"href":"https:\/\/acontecenafronteira.com.br\/index.php\/wp-json\/wp\/v2\/posts\/32863","targetHints":{"allow":["GET"]}}],"collection":[{"href":"https:\/\/acontecenafronteira.com.br\/index.php\/wp-json\/wp\/v2\/posts"}],"about":[{"href":"https:\/\/acontecenafronteira.com.br\/index.php\/wp-json\/wp\/v2\/types\/post"}],"replies":[{"embeddable":true,"href":"https:\/\/acontecenafronteira.com.br\/index.php\/wp-json\/wp\/v2\/comments?post=32863"}],"version-history":[{"count":1,"href":"https:\/\/acontecenafronteira.com.br\/index.php\/wp-json\/wp\/v2\/posts\/32863\/revisions"}],"predecessor-version":[{"id":32867,"href":"https:\/\/acontecenafronteira.com.br\/index.php\/wp-json\/wp\/v2\/posts\/32863\/revisions\/32867"}],"wp:featuredmedia":[{"embeddable":true,"href":"https:\/\/acontecenafronteira.com.br\/index.php\/wp-json\/wp\/v2\/media\/32868"}],"wp:attachment":[{"href":"https:\/\/acontecenafronteira.com.br\/index.php\/wp-json\/wp\/v2\/media?parent=32863"}],"wp:term":[{"taxonomy":"category","embeddable":true,"href":"https:\/\/acontecenafronteira.com.br\/index.php\/wp-json\/wp\/v2\/categories?post=32863"},{"taxonomy":"post_tag","embeddable":true,"href":"https:\/\/acontecenafronteira.com.br\/index.php\/wp-json\/wp\/v2\/tags?post=32863"}],"curies":[{"name":"wp","href":"https:\/\/api.w.org\/{rel}","templated":true}]}}