{"id":32854,"date":"2026-08-31T21:36:25","date_gmt":"2026-09-01T00:36:25","guid":{"rendered":"https:\/\/acontecenafronteira.com.br\/?p=32854"},"modified":"2026-08-31T21:36:25","modified_gmt":"2026-09-01T00:36:25","slug":"neymar-jogou-classico-com-febre-e-sintomas-de-gripe-revela-video","status":"publish","type":"post","link":"https:\/\/acontecenafronteira.com.br\/index.php\/2026\/08\/31\/neymar-jogou-classico-com-febre-e-sintomas-de-gripe-revela-video\/","title":{"rendered":"Neymar jogou cl\u00e1ssico com febre e sintomas de gripe, revela v\u00eddeo"},"content":{"rendered":"<p>Bastidores revelados pelo Santos nesta segunda-feira (31\/8) mostram que o craque <strong>Neymar Jr.<\/strong> entrou em campo para enfrentar o Corinthians pelo Campeonato Brasileiro apresentando quadro de febre e sintomas gripais.<\/p>\n<h2>A conversa nos bastidores e a brincadeira de Gabigol<\/h2>\n<p>Em um v\u00eddeo divulgado pelo clube paulista, o camisa 10 detalha o mal-estar que sentiu antes de a bola rolar no cl\u00e1ssico v\u00e1lido pelo Brasileir\u00e3o.<\/p>\n<p>Durante o bate-papo, o atacante enumerou os problemas de sa\u00fade que enfrentou antes do confronto. \u201cNariz escorrendo, febre, dor de cabe\u00e7a\u2026 P\u00f4\u2026\u201c, relatou o atleta. O companheiro de equipe Gabigol n\u00e3o perdeu a oportunidade e rebateu em tom descontra\u00eddo: \u201cFica com gripe mais, mano\u201c.<\/p>\n<p>Logo depois, o clima de descontra\u00e7\u00e3o continuou com planos para a noite. \u201cEstou morto, morto, mas temos que comemorar o anivers\u00e1rio do meu parceiro, n\u00e9? N\u00f3s vamos sair para jantar. Isso mesmo, n\u00f3s vamos sair para jantar e quem vai pagar \u00e9 o aniversariante\u201c, brincou Neymar, mencionando a comemora\u00e7\u00e3o do colega.<\/p>\n<h2>Atua\u00e7\u00e3o decisiva e vit\u00f3ria do Peixe no Brasileir\u00e3o<\/h2>\n<p>Apesar das condi\u00e7\u00f5es f\u00edsicas desfavor\u00e1veis, o atacante permaneceu em campo durante os 90 minutos do cl\u00e1ssico paulista e foi fundamental para o sucesso da equipe.<\/p>\n<p>O gol da vit\u00f3ria do Santos teve participa\u00e7\u00e3o direta do camisa 10 em uma cobran\u00e7a de falta, aproveitada na sequ\u00eancia por Oliva, que mandou a bola para o fundo das redes.<\/p>\n<p>Com o triunfo importante no torneio nacional, o Alvinegro Praiano chegou aos 29 pontos somados e atualmente ocupa a 14\u00aa coloca\u00e7\u00e3o na tabela de classifica\u00e7\u00e3o.<\/p>\n<p>Por Reda\u00e7\u00e3o Acontece<\/p>\n<p>Imagem: Reprodu\u00e7\u00e3o \/ Instagram Metr\u00f3poles Esportes<\/p>\n","protected":false},"excerpt":{"rendered":"<p>Bastidores revelados pelo Santos nesta segunda-feira (31\/8) mostram que o craque Neymar Jr. entrou em campo para enfrentar o Corinthians pelo Campeonato Brasileiro apresentando quadro de febre e sintomas gripais. A conversa nos bastidores e a brincadeira de Gabigol Em um v\u00eddeo divulgado pelo clube paulista, o camisa 10 detalha o mal-estar que sentiu antes [&hellip;]<\/p>\n","protected":false},"author":0,"featured_media":32860,"comment_status":"open","ping_status":"open","sticky":false,"template":"","format":"standard","meta":{"footnotes":""},"categories":[6],"tags":[],"class_list":["post-32854","post","type-post","status-publish","format-standard","has-post-thumbnail","hentry","category-mercosul"],"_links":{"self":[{"href":"https:\/\/acontecenafronteira.com.br\/index.php\/wp-json\/wp\/v2\/posts\/32854","targetHints":{"allow":["GET"]}}],"collection":[{"href":"https:\/\/acontecenafronteira.com.br\/index.php\/wp-json\/wp\/v2\/posts"}],"about":[{"href":"https:\/\/acontecenafronteira.com.br\/index.php\/wp-json\/wp\/v2\/types\/post"}],"replies":[{"embeddable":true,"href":"https:\/\/acontecenafronteira.com.br\/index.php\/wp-json\/wp\/v2\/comments?post=32854"}],"version-history":[{"count":1,"href":"https:\/\/acontecenafronteira.com.br\/index.php\/wp-json\/wp\/v2\/posts\/32854\/revisions"}],"predecessor-version":[{"id":32859,"href":"https:\/\/acontecenafronteira.com.br\/index.php\/wp-json\/wp\/v2\/posts\/32854\/revisions\/32859"}],"wp:featuredmedia":[{"embeddable":true,"href":"https:\/\/acontecenafronteira.com.br\/index.php\/wp-json\/wp\/v2\/media\/32860"}],"wp:attachment":[{"href":"https:\/\/acontecenafronteira.com.br\/index.php\/wp-json\/wp\/v2\/media?parent=32854"}],"wp:term":[{"taxonomy":"category","embeddable":true,"href":"https:\/\/acontecenafronteira.com.br\/index.php\/wp-json\/wp\/v2\/categories?post=32854"},{"taxonomy":"post_tag","embeddable":true,"href":"https:\/\/acontecenafronteira.com.br\/index.php\/wp-json\/wp\/v2\/tags?post=32854"}],"curies":[{"name":"wp","href":"https:\/\/api.w.org\/{rel}","templated":true}]}}