{"id":32853,"date":"2026-08-31T21:36:21","date_gmt":"2026-09-01T00:36:21","guid":{"rendered":"https:\/\/acontecenafronteira.com.br\/?p=32853"},"modified":"2026-08-31T21:36:21","modified_gmt":"2026-09-01T00:36:21","slug":"mulher-joga-fezes-em-forum-e-ameaca-policiais-no-df","status":"publish","type":"post","link":"https:\/\/acontecenafronteira.com.br\/index.php\/2026\/08\/31\/mulher-joga-fezes-em-forum-e-ameaca-policiais-no-df\/","title":{"rendered":"Mulher joga fezes em f\u00f3rum e amea\u00e7a policiais no DF"},"content":{"rendered":"<p>Uma confus\u00e3o chamou a aten\u00e7\u00e3o na noite da \u00faltima sexta-feira (28\/8) na Quadra 202, quando uma mulher arremessou fezes e diversos dejetos na fachada do F\u00f3rum de \u00c1guas Claras. Al\u00e9m da sujeira deixada no local, a suspeita proferiu ofensas e amea\u00e7as diretas contra a equipe da Pol\u00edcia Militar do Distrito Federal (PMDF).<\/p>\n<h2>A\u00e7\u00e3o da Pol\u00edcia Militar no local<\/h2>\n<p>Os agentes de seguran\u00e7a do pr\u00f3prio tribunal acionaram a pol\u00edcia ap\u00f3s constatarem a atitude da mulher, que apresentava um <b>comportamento visivelmente agitado<\/b>. Ao chegarem ao endere\u00e7o, os policiais iniciaram o protocolo de di\u00e1logo, exigindo que ela cessasse o vandalismo e se retirasse da \u00e1rea externa.<\/p>\n<h3>Resist\u00eancia e fuga de ve\u00edculo<\/h3>\n<p>Contrariando as ordens das autoridades, a suspeita manteve os \u00e2nimos exaltados. Durante a confus\u00e3o, ela arrancou faixas que estavam presas por estacas e as arremessou contra os agentes da PMDF. Ap\u00f3s o confronto verbal e a conten\u00e7\u00e3o do risco iminente, a mulher entrou em seu carro e abandonou o endere\u00e7o.<\/p>\n<h2>Posicionamento oficial do TJDFT<\/h2>\n<p>O Tribunal de Justi\u00e7a do Distrito Federal e dos Territ\u00f3rios (TJDFT) esclareceu que a manifestante agressiva <b>n\u00e3o conseguiu entrar no pr\u00e9dio<\/b>. De acordo com a institui\u00e7\u00e3o, toda a confus\u00e3o e os protestos se concentraram exclusivamente na parte externa, o que motivou o chamado imediato para a corpora\u00e7\u00e3o policial garantir a ordem.<\/p>\n<p>Por Reda\u00e7\u00e3o Acontece<\/p>\n<p>Cr\u00e9ditos da imagem: Divulga\u00e7\u00e3o \/ PMDF<\/p>\n","protected":false},"excerpt":{"rendered":"<p>Uma confus\u00e3o chamou a aten\u00e7\u00e3o na noite da \u00faltima sexta-feira (28\/8) na Quadra 202, quando uma mulher arremessou fezes e diversos dejetos na fachada do F\u00f3rum de \u00c1guas Claras. Al\u00e9m da sujeira deixada no local, a suspeita proferiu ofensas e amea\u00e7as diretas contra a equipe da Pol\u00edcia Militar do Distrito Federal (PMDF). A\u00e7\u00e3o da Pol\u00edcia [&hellip;]<\/p>\n","protected":false},"author":0,"featured_media":32858,"comment_status":"open","ping_status":"open","sticky":false,"template":"","format":"standard","meta":{"footnotes":""},"categories":[6],"tags":[],"class_list":["post-32853","post","type-post","status-publish","format-standard","has-post-thumbnail","hentry","category-mercosul"],"_links":{"self":[{"href":"https:\/\/acontecenafronteira.com.br\/index.php\/wp-json\/wp\/v2\/posts\/32853","targetHints":{"allow":["GET"]}}],"collection":[{"href":"https:\/\/acontecenafronteira.com.br\/index.php\/wp-json\/wp\/v2\/posts"}],"about":[{"href":"https:\/\/acontecenafronteira.com.br\/index.php\/wp-json\/wp\/v2\/types\/post"}],"replies":[{"embeddable":true,"href":"https:\/\/acontecenafronteira.com.br\/index.php\/wp-json\/wp\/v2\/comments?post=32853"}],"version-history":[{"count":1,"href":"https:\/\/acontecenafronteira.com.br\/index.php\/wp-json\/wp\/v2\/posts\/32853\/revisions"}],"predecessor-version":[{"id":32857,"href":"https:\/\/acontecenafronteira.com.br\/index.php\/wp-json\/wp\/v2\/posts\/32853\/revisions\/32857"}],"wp:featuredmedia":[{"embeddable":true,"href":"https:\/\/acontecenafronteira.com.br\/index.php\/wp-json\/wp\/v2\/media\/32858"}],"wp:attachment":[{"href":"https:\/\/acontecenafronteira.com.br\/index.php\/wp-json\/wp\/v2\/media?parent=32853"}],"wp:term":[{"taxonomy":"category","embeddable":true,"href":"https:\/\/acontecenafronteira.com.br\/index.php\/wp-json\/wp\/v2\/categories?post=32853"},{"taxonomy":"post_tag","embeddable":true,"href":"https:\/\/acontecenafronteira.com.br\/index.php\/wp-json\/wp\/v2\/tags?post=32853"}],"curies":[{"name":"wp","href":"https:\/\/api.w.org\/{rel}","templated":true}]}}