{"id":32844,"date":"2026-08-31T21:36:16","date_gmt":"2026-09-01T00:36:16","guid":{"rendered":"https:\/\/acontecenafronteira.com.br\/?p=32844"},"modified":"2026-08-31T21:36:16","modified_gmt":"2026-09-01T00:36:16","slug":"danilo-cutrim-lanca-neon-e-mistura-soul-e-anos-80","status":"publish","type":"post","link":"https:\/\/acontecenafronteira.com.br\/index.php\/2026\/08\/31\/danilo-cutrim-lanca-neon-e-mistura-soul-e-anos-80\/","title":{"rendered":"Danilo Cutrim lan\u00e7a Neon e mistura soul e anos 80"},"content":{"rendered":"<p>Conhecido por sua trajet\u00f3ria no hardcore com o Forfun e no reggae com o Braza, o cantor e compositor Danilo Cutrim agora direciona sua criatividade para as pistas de dan\u00e7a oitentistas. Em seu segundo \u00e1lbum solo, batizado de Neon, o artista aposta em uma sonoridade nost\u00e1lgica que une lembran\u00e7as afetivas \u00e0 fus\u00e3o entre o soul dos Estados Unidos e a riqueza da m\u00fasica popular brasileira.<\/p>\n<h2>As influ\u00eancias musicais de Neon<\/h2>\n<p>Depois de estrear a turn\u00ea em terras paulistas, o projeto ganhou os palcos do Rio de Janeiro em uma apresenta\u00e7\u00e3o exclusiva acompanhada de perto pelo programa Papo.MP4, na editoria #NaPista. Durante a entrevista, o m\u00fasico abriu o jogo sobre as principais refer\u00eancias que moldaram o disco, citando \u00edcones consagrados como Tim Maia, Sandra de S\u00e1 e o maestro Lincoln Olivetti.<\/p>\n<h2>Bastidores e composi\u00e7\u00f5es do disco<\/h2>\n<p>O processo de cria\u00e7\u00e3o de Neon nasceu de viv\u00eancias e hist\u00f3rias pessoais do cantor, que se refletem diretamente nas faixas do repert\u00f3rio. Can\u00e7\u00f5es como \u201cVamos Tentar\u201d, \u201cO Tempo Para\u201d e \u201cSaudade\u201d ganham vida pr\u00f3pria no \u00e1lbum, traduzindo sentimentos profundos em batidas dan\u00e7antes que remetem \u00e0 \u00e1urea vibrante das d\u00e9cadas passadas.<\/p>\n<p>O novo projeto consolida a versatilidade art\u00edstica de Cutrim, provando que sua assinatura musical continua em constante evolu\u00e7\u00e3o, transitando com naturalidade entre diferentes g\u00eaneros e \u00e9pocas.<\/p>\n<p>Por Reda\u00e7\u00e3o Acontece<\/p>\n<p>Cr\u00e9ditos da imagem: Divulga\u00e7\u00e3o \/ Papo.MP4<\/p>\n","protected":false},"excerpt":{"rendered":"<p>Conhecido por sua trajet\u00f3ria no hardcore com o Forfun e no reggae com o Braza, o cantor e compositor Danilo Cutrim agora direciona sua criatividade para as pistas de dan\u00e7a oitentistas. Em seu segundo \u00e1lbum solo, batizado de Neon, o artista aposta em uma sonoridade nost\u00e1lgica que une lembran\u00e7as afetivas \u00e0 fus\u00e3o entre o soul [&hellip;]<\/p>\n","protected":false},"author":0,"featured_media":32852,"comment_status":"open","ping_status":"open","sticky":false,"template":"","format":"standard","meta":{"footnotes":""},"categories":[28],"tags":[],"class_list":["post-32844","post","type-post","status-publish","format-standard","has-post-thumbnail","hentry","category-mundo"],"_links":{"self":[{"href":"https:\/\/acontecenafronteira.com.br\/index.php\/wp-json\/wp\/v2\/posts\/32844","targetHints":{"allow":["GET"]}}],"collection":[{"href":"https:\/\/acontecenafronteira.com.br\/index.php\/wp-json\/wp\/v2\/posts"}],"about":[{"href":"https:\/\/acontecenafronteira.com.br\/index.php\/wp-json\/wp\/v2\/types\/post"}],"replies":[{"embeddable":true,"href":"https:\/\/acontecenafronteira.com.br\/index.php\/wp-json\/wp\/v2\/comments?post=32844"}],"version-history":[{"count":1,"href":"https:\/\/acontecenafronteira.com.br\/index.php\/wp-json\/wp\/v2\/posts\/32844\/revisions"}],"predecessor-version":[{"id":32851,"href":"https:\/\/acontecenafronteira.com.br\/index.php\/wp-json\/wp\/v2\/posts\/32844\/revisions\/32851"}],"wp:featuredmedia":[{"embeddable":true,"href":"https:\/\/acontecenafronteira.com.br\/index.php\/wp-json\/wp\/v2\/media\/32852"}],"wp:attachment":[{"href":"https:\/\/acontecenafronteira.com.br\/index.php\/wp-json\/wp\/v2\/media?parent=32844"}],"wp:term":[{"taxonomy":"category","embeddable":true,"href":"https:\/\/acontecenafronteira.com.br\/index.php\/wp-json\/wp\/v2\/categories?post=32844"},{"taxonomy":"post_tag","embeddable":true,"href":"https:\/\/acontecenafronteira.com.br\/index.php\/wp-json\/wp\/v2\/tags?post=32844"}],"curies":[{"name":"wp","href":"https:\/\/api.w.org\/{rel}","templated":true}]}}