{"id":32841,"date":"2026-08-31T21:35:56","date_gmt":"2026-09-01T00:35:56","guid":{"rendered":"https:\/\/acontecenafronteira.com.br\/?p=32841"},"modified":"2026-08-31T21:35:56","modified_gmt":"2026-09-01T00:35:56","slug":"brasileiro-de-19-anos-vence-mundial-de-bocha-na-coreia-do-sul","status":"publish","type":"post","link":"https:\/\/acontecenafronteira.com.br\/index.php\/2026\/08\/31\/brasileiro-de-19-anos-vence-mundial-de-bocha-na-coreia-do-sul\/","title":{"rendered":"Brasileiro de 19 anos vence Mundial de Bocha na Coreia do Sul"},"content":{"rendered":"<p>O esporte paral\u00edmpico brasileiro alcan\u00e7ou um feito hist\u00f3rico nesta segunda-feira (31) ao faturar tr\u00eas medalhas nas chaves individuais do <b>Mundial de Bocha<\/b>, realizado em Seul, na Coreia do Sul. O grande destaque da delega\u00e7\u00e3o nacional foi o jovem <b>Jos\u00e9 Ant\u00f4nio Santos<\/b>, de apenas 19 anos, que garantiu a medalha de ouro na classe BC4, voltada para competidores com defici\u00eancias severas e sem op\u00e7\u00e3o de aux\u00edlio.<\/p>\n<h2>Campanha brilhante rumo ao topo do p\u00f3dio<\/h2>\n<p>Na grande decis\u00e3o da categoria BC4, o atleta potiguar, natural de S\u00e3o Jos\u00e9 de Mipibu, superou o representante de Hong Kong, Yuk Wing Leung, por um placar expressivo de 6 a 1. Diagnosticado com <b>distrofia muscular de Duchenne<\/b> \u2014 condi\u00e7\u00e3o gen\u00e9tica que causa a degenera\u00e7\u00e3o progressiva dos m\u00fasculos \u2014, o campe\u00e3o mundial iniciou sua trajet\u00f3ria esportiva na nata\u00e7\u00e3o antes de migrar para a bocha em 2022.<\/p>\n<p>Emocionado com a conquista in\u00e9dita, o jovem competidor celebrou o resultado em v\u00eddeo divulgado nas redes oficiais do evento. A ascens\u00e3o de Jos\u00e9 Ant\u00f4nio tem sido mete\u00f3rica: em 2025, ele j\u00e1 havia faturado o t\u00edtulo do <b>Mundial de Jovens em Curitiba<\/b>, o ouro no Parapan de Jovens em Santiago e o trof\u00e9u da Copa Am\u00e9rica na Col\u00f4mbia.<\/p>\n<h2>Prata e bronze completam o sucesso do pa\u00eds<\/h2>\n<h2>Novas medalhas para o Brasil<\/h2>\n<p>Al\u00e9m do ouro hist\u00f3rico, o pa\u00eds subiu ao p\u00f3dio em outras duas categorias individuais. Na classe BC3 \u2014 destinada a competidores que contam com o apoio de um calheiro \u2014, o mineiro <b>Mateus Carvalho<\/b> ficou com a medalha de prata. Ap\u00f3s vencer o franc\u00eas Jules Menard por 5 a 0 na semifinal, o brasileiro foi superado pelo australiano Daniel Michel por 3 a 2 na decis\u00e3o.<\/p>\n<p>J\u00e1 na classe BC2, o experiente medalhista paral\u00edmpico <b>Maciel Santos<\/b> garantiu a terceira coloca\u00e7\u00e3o. O atleta cearense, que j\u00e1 acumula o ouro paral\u00edmpico em Londres-2012 e T\u00f3quio-2020, al\u00e9m da prata por equipes na Rio-2016, atropelou o chin\u00eas Zhiqiang Yan por 10 a 0 na disputa pelo bronze.<\/p>\n<p>Com esse desempenho expressivo nas provas individuais, a delega\u00e7\u00e3o brasileira superou a campanha do Mundial de 2022, no Rio de Janeiro, quando o pa\u00eds havia conquistado apenas uma medalha dourada. O torneio em solo sul-coreano segue com programa\u00e7\u00e3o at\u00e9 a pr\u00f3xima quinta-feira (3), com a realiza\u00e7\u00e3o dos confrontos de pares e equipes.<\/p>\n<p>Por Reda\u00e7\u00e3o Acontece<\/p>\n<p>Foto: CPB \/ Divulga\u00e7\u00e3o<\/p>\n","protected":false},"excerpt":{"rendered":"<p>O esporte paral\u00edmpico brasileiro alcan\u00e7ou um feito hist\u00f3rico nesta segunda-feira (31) ao faturar tr\u00eas medalhas nas chaves individuais do Mundial de Bocha, realizado em Seul, na Coreia do Sul. O grande destaque da delega\u00e7\u00e3o nacional foi o jovem Jos\u00e9 Ant\u00f4nio Santos, de apenas 19 anos, que garantiu a medalha de ouro na classe BC4, voltada [&hellip;]<\/p>\n","protected":false},"author":0,"featured_media":32846,"comment_status":"open","ping_status":"open","sticky":false,"template":"","format":"standard","meta":{"footnotes":""},"categories":[28],"tags":[],"class_list":["post-32841","post","type-post","status-publish","format-standard","has-post-thumbnail","hentry","category-mundo"],"_links":{"self":[{"href":"https:\/\/acontecenafronteira.com.br\/index.php\/wp-json\/wp\/v2\/posts\/32841","targetHints":{"allow":["GET"]}}],"collection":[{"href":"https:\/\/acontecenafronteira.com.br\/index.php\/wp-json\/wp\/v2\/posts"}],"about":[{"href":"https:\/\/acontecenafronteira.com.br\/index.php\/wp-json\/wp\/v2\/types\/post"}],"replies":[{"embeddable":true,"href":"https:\/\/acontecenafronteira.com.br\/index.php\/wp-json\/wp\/v2\/comments?post=32841"}],"version-history":[{"count":1,"href":"https:\/\/acontecenafronteira.com.br\/index.php\/wp-json\/wp\/v2\/posts\/32841\/revisions"}],"predecessor-version":[{"id":32845,"href":"https:\/\/acontecenafronteira.com.br\/index.php\/wp-json\/wp\/v2\/posts\/32841\/revisions\/32845"}],"wp:featuredmedia":[{"embeddable":true,"href":"https:\/\/acontecenafronteira.com.br\/index.php\/wp-json\/wp\/v2\/media\/32846"}],"wp:attachment":[{"href":"https:\/\/acontecenafronteira.com.br\/index.php\/wp-json\/wp\/v2\/media?parent=32841"}],"wp:term":[{"taxonomy":"category","embeddable":true,"href":"https:\/\/acontecenafronteira.com.br\/index.php\/wp-json\/wp\/v2\/categories?post=32841"},{"taxonomy":"post_tag","embeddable":true,"href":"https:\/\/acontecenafronteira.com.br\/index.php\/wp-json\/wp\/v2\/tags?post=32841"}],"curies":[{"name":"wp","href":"https:\/\/api.w.org\/{rel}","templated":true}]}}