{"id":32833,"date":"2026-08-31T20:37:46","date_gmt":"2026-08-31T23:37:46","guid":{"rendered":"https:\/\/acontecenafronteira.com.br\/?p=32833"},"modified":"2026-08-31T20:37:46","modified_gmt":"2026-08-31T23:37:46","slug":"febraban-anuncia-leandro-vilain-como-novo-presidente-executivo","status":"publish","type":"post","link":"https:\/\/acontecenafronteira.com.br\/index.php\/2026\/08\/31\/febraban-anuncia-leandro-vilain-como-novo-presidente-executivo\/","title":{"rendered":"Febraban anuncia Leandro Vilain como novo presidente executivo"},"content":{"rendered":"<p>O Conselho Diretor da Federa\u00e7\u00e3o Brasileira de Bancos (Febraban) indicou Leandro Vilain, atual CEO da Associa\u00e7\u00e3o Brasileira de Bancos Comerciais (ABBC), para o cargo de presidente executivo da institui\u00e7\u00e3o. Ele entra no lugar de Isaac Sidney, que decidiu encerrar seu ciclo de lideran\u00e7a ap\u00f3s mais de sete anos atuando em fun\u00e7\u00f5es diretivas.<\/p>\n<h2>Transi\u00e7\u00e3o planejada no setor financeiro<\/h2>\n<p>A mudan\u00e7a de comando foi tratada oficialmente como um processo institucional harmonioso e estruturado com anteced\u00eancia. A sa\u00edda de Isaac Sidney j\u00e1 era prevista desde o primeiro semestre de 2025, momento em que ele comunicou ao Conselho Diretor o desejo de finalizar dois mandatos consecutivos \u00e0 frente da entidade, cuja conclus\u00e3o estava programada para mar\u00e7o de 2026.<\/p>\n<h2>Quem \u00e9 o sucessor na Febraban<\/h2>\n<p>Com uma trajet\u00f3ria s\u00f3lida no segmento banc\u00e1rio, Leandro Vilain acumulou nove anos de experi\u00eancia na diretoria da Febraban, per\u00edodo que compreendeu os anos de 2015 a 2024. Posteriormente, atuou como s\u00f3cio e executivo na empresa Oliver Wyman e, nos \u00faltimos dezesseis meses, esteve \u00e0 frente da ABBC como CEO.<\/p>\n<h2>Hist\u00f3rico de parceria e alinhamento<\/h2>\n<p>Devido \u00e0 sua longa viv\u00eancia na federa\u00e7\u00e3o e \u00e0 atua\u00e7\u00e3o pr\u00e9via de cinco anos ao lado de Isaac Sidney como diretor de produtos e servi\u00e7os banc\u00e1rios, Vilain j\u00e1 domina a cultura organizacional e a governan\u00e7a da casa. Por conta dessa proximidade com as pautas da entidade, o processo de passagem de cargo ocorrer\u00e1 de maneira \u00e1gil, institucional e integrada.<\/p>\n<p>A gest\u00e3o de Isaac Sidney, iniciada em mar\u00e7o de 2020, foi amplamente elogiada pelos bancos associados e pelo Conselho Diretor. O per\u00edodo foi destacado pelo aprimoramento da reputa\u00e7\u00e3o do setor financeiro, pelo crescimento da relev\u00e2ncia institucional da entidade e pela condu\u00e7\u00e3o firme de pautas cruciais para a economia do pa\u00eds.<\/p>\n<p>Por Reda\u00e7\u00e3o Acontece<\/p>\n<p>Anna Carolina Negri\/Valor<\/p>\n","protected":false},"excerpt":{"rendered":"<p>O Conselho Diretor da Federa\u00e7\u00e3o Brasileira de Bancos (Febraban) indicou Leandro Vilain, atual CEO da Associa\u00e7\u00e3o Brasileira de Bancos Comerciais (ABBC), para o cargo de presidente executivo da institui\u00e7\u00e3o. Ele entra no lugar de Isaac Sidney, que decidiu encerrar seu ciclo de lideran\u00e7a ap\u00f3s mais de sete anos atuando em fun\u00e7\u00f5es diretivas. Transi\u00e7\u00e3o planejada no [&hellip;]<\/p>\n","protected":false},"author":0,"featured_media":32840,"comment_status":"open","ping_status":"open","sticky":false,"template":"","format":"standard","meta":{"footnotes":""},"categories":[28],"tags":[],"class_list":["post-32833","post","type-post","status-publish","format-standard","has-post-thumbnail","hentry","category-mundo"],"_links":{"self":[{"href":"https:\/\/acontecenafronteira.com.br\/index.php\/wp-json\/wp\/v2\/posts\/32833","targetHints":{"allow":["GET"]}}],"collection":[{"href":"https:\/\/acontecenafronteira.com.br\/index.php\/wp-json\/wp\/v2\/posts"}],"about":[{"href":"https:\/\/acontecenafronteira.com.br\/index.php\/wp-json\/wp\/v2\/types\/post"}],"replies":[{"embeddable":true,"href":"https:\/\/acontecenafronteira.com.br\/index.php\/wp-json\/wp\/v2\/comments?post=32833"}],"version-history":[{"count":1,"href":"https:\/\/acontecenafronteira.com.br\/index.php\/wp-json\/wp\/v2\/posts\/32833\/revisions"}],"predecessor-version":[{"id":32839,"href":"https:\/\/acontecenafronteira.com.br\/index.php\/wp-json\/wp\/v2\/posts\/32833\/revisions\/32839"}],"wp:featuredmedia":[{"embeddable":true,"href":"https:\/\/acontecenafronteira.com.br\/index.php\/wp-json\/wp\/v2\/media\/32840"}],"wp:attachment":[{"href":"https:\/\/acontecenafronteira.com.br\/index.php\/wp-json\/wp\/v2\/media?parent=32833"}],"wp:term":[{"taxonomy":"category","embeddable":true,"href":"https:\/\/acontecenafronteira.com.br\/index.php\/wp-json\/wp\/v2\/categories?post=32833"},{"taxonomy":"post_tag","embeddable":true,"href":"https:\/\/acontecenafronteira.com.br\/index.php\/wp-json\/wp\/v2\/tags?post=32833"}],"curies":[{"name":"wp","href":"https:\/\/api.w.org\/{rel}","templated":true}]}}