{"id":32832,"date":"2026-08-31T20:37:42","date_gmt":"2026-08-31T23:37:42","guid":{"rendered":"https:\/\/acontecenafronteira.com.br\/?p=32832"},"modified":"2026-08-31T20:37:42","modified_gmt":"2026-08-31T23:37:42","slug":"agrolend-expande-presenca-em-feiras-e-mira-credito-rural","status":"publish","type":"post","link":"https:\/\/acontecenafronteira.com.br\/index.php\/2026\/08\/31\/agrolend-expande-presenca-em-feiras-e-mira-credito-rural\/","title":{"rendered":"Agrolend expande presen\u00e7a em feiras e mira cr\u00e9dito rural"},"content":{"rendered":"<p>A <b>Agrolend<\/b>, fintech regulada pelo Banco Central e voltada ao financiamento rural, intensificou sua presen\u00e7a nos principais encontros do setor. O objetivo da estrat\u00e9gia \u00e9 manter proximidade f\u00edsica com produtores, investidores e parceiros, entendendo de perto as demandas de toda a cadeia produtiva para oferecer solu\u00e7\u00f5es de <i>cr\u00e9dito rural<\/i> mais \u00e1geis e personalizadas.<\/p>\n<h2>O novo cen\u00e1rio do financiamento no campo<\/h2>\n<p>\nEssa movimenta\u00e7\u00e3o ocorre em um momento de transi\u00e7\u00e3o no mercado financeiro agr\u00edcola. Ap\u00f3s um ciclo de alta expans\u00e3o entre 2017 e 2022, os grandes bancos tradicionais adotaram uma postura mais restritiva recentemente. Conforme aponta Alan Glezer, co-CEO da institui\u00e7\u00e3o, essa retra\u00e7\u00e3o abre espa\u00e7o para que plataformas privadas e especialistas em <b>cr\u00e9dito rural<\/b> ganhem relev\u00e2ncia no atendimento \u00e0s necessidades do produtor.<\/p>\n<h2>Marcos da agenda em 2026<\/h2>\n<p>\nAo longo do ano, a empresa marcou presen\u00e7a em diferentes regi\u00f5es produtivas do pa\u00eds. Na <b>Expert XP 2026<\/b>, realizada em S\u00e3o Paulo, o estande da marca atraiu mais de mil pessoas, destacando o interesse do p\u00fablico por LCAs e CDBs com lastro no campo. Pelo quinto ano consecutivo, a companhia tamb\u00e9m participou do <b>Congresso Andav<\/b>, divulgando alternativas de financiamento para a distribui\u00e7\u00e3o de insumos.<\/p>\n<h2>Conex\u00e3o com polos produtivos e cooperativas<\/h2>\n<p>\nA rota itinerante incluiu paradas em centros estrat\u00e9gicos, como a <b>Show Safra<\/b>, em Lucas do Rio Verde (MT), e a <b>Coplacampo<\/b>, em Piracicaba (SP). Al\u00e9m disso, o cofundador e CSO Carlos Fagundes integrou os debates sobre pol\u00edticas de financiamento no <b>Conacredi Agro Road Show<\/b>, em Ribeir\u00e3o Preto (SP), refor\u00e7ando o di\u00e1logo direto com revendas e cooperativas agr\u00edcolas.<\/p>\n<h2>Inclus\u00e3o e lideran\u00e7a feminina no campo<\/h2>\n<p>\nA agenda institucional tamb\u00e9m reflete o compromisso da marca com a diversidade. Pelo segundo ano, a institui\u00e7\u00e3o apoiou o encontro <b>Mulheres do Agro<\/b>, evento paralelo \u00e0 Agrishow. A a\u00e7\u00e3o complementa o lan\u00e7amento do projeto <b>Agrolend por Elas<\/b>, em parceria com o Instituto N\u00f3s por Elas. A empresa tamb\u00e9m investiu na forma\u00e7\u00e3o de lideran\u00e7as ao apoiar a imers\u00e3o do <b>Cumbre Agro para C-Levels<\/b>.<\/p>\n<h2>Proje\u00e7\u00f5es de crescimento para o futuro<\/h2>\n<p>\nFundada em 2020, a empresa encerrou 2025 com uma carteira de cr\u00e9dito de R$ 968 milh\u00f5es e tra\u00e7ou a meta de alcan\u00e7ar R$ 2 bilh\u00f5es em 2026. Para a gest\u00e3o, a proximidade com o ecossistema agr\u00edcola em feiras e congressos \u00e9 o pilar fundamental para consolidar um sistema de financiamento moderno, inclusivo e adequado \u00e0 realidade do produtor brasileiro.<\/p>\n<p>Por Reda\u00e7\u00e3o Acontece<\/p>\n<p>Cr\u00e9ditos da imagem: Divulga\u00e7\u00e3o \/ Agrolend<\/p>\n","protected":false},"excerpt":{"rendered":"<p>A Agrolend, fintech regulada pelo Banco Central e voltada ao financiamento rural, intensificou sua presen\u00e7a nos principais encontros do setor. O objetivo da estrat\u00e9gia \u00e9 manter proximidade f\u00edsica com produtores, investidores e parceiros, entendendo de perto as demandas de toda a cadeia produtiva para oferecer solu\u00e7\u00f5es de cr\u00e9dito rural mais \u00e1geis e personalizadas. O novo [&hellip;]<\/p>\n","protected":false},"author":0,"featured_media":32838,"comment_status":"open","ping_status":"open","sticky":false,"template":"","format":"standard","meta":{"footnotes":""},"categories":[28],"tags":[],"class_list":["post-32832","post","type-post","status-publish","format-standard","has-post-thumbnail","hentry","category-mundo"],"_links":{"self":[{"href":"https:\/\/acontecenafronteira.com.br\/index.php\/wp-json\/wp\/v2\/posts\/32832","targetHints":{"allow":["GET"]}}],"collection":[{"href":"https:\/\/acontecenafronteira.com.br\/index.php\/wp-json\/wp\/v2\/posts"}],"about":[{"href":"https:\/\/acontecenafronteira.com.br\/index.php\/wp-json\/wp\/v2\/types\/post"}],"replies":[{"embeddable":true,"href":"https:\/\/acontecenafronteira.com.br\/index.php\/wp-json\/wp\/v2\/comments?post=32832"}],"version-history":[{"count":1,"href":"https:\/\/acontecenafronteira.com.br\/index.php\/wp-json\/wp\/v2\/posts\/32832\/revisions"}],"predecessor-version":[{"id":32837,"href":"https:\/\/acontecenafronteira.com.br\/index.php\/wp-json\/wp\/v2\/posts\/32832\/revisions\/32837"}],"wp:featuredmedia":[{"embeddable":true,"href":"https:\/\/acontecenafronteira.com.br\/index.php\/wp-json\/wp\/v2\/media\/32838"}],"wp:attachment":[{"href":"https:\/\/acontecenafronteira.com.br\/index.php\/wp-json\/wp\/v2\/media?parent=32832"}],"wp:term":[{"taxonomy":"category","embeddable":true,"href":"https:\/\/acontecenafronteira.com.br\/index.php\/wp-json\/wp\/v2\/categories?post=32832"},{"taxonomy":"post_tag","embeddable":true,"href":"https:\/\/acontecenafronteira.com.br\/index.php\/wp-json\/wp\/v2\/tags?post=32832"}],"curies":[{"name":"wp","href":"https:\/\/api.w.org\/{rel}","templated":true}]}}