{"id":32831,"date":"2026-08-31T20:37:34","date_gmt":"2026-08-31T23:37:34","guid":{"rendered":"https:\/\/acontecenafronteira.com.br\/?p=32831"},"modified":"2026-08-31T20:37:34","modified_gmt":"2026-08-31T23:37:34","slug":"lula-reune-banqueiros-e-bilionarios-em-jantar-no-palacio-da-alvorada","status":"publish","type":"post","link":"https:\/\/acontecenafronteira.com.br\/index.php\/2026\/08\/31\/lula-reune-banqueiros-e-bilionarios-em-jantar-no-palacio-da-alvorada\/","title":{"rendered":"Lula re\u00fane banqueiros e bilion\u00e1rios em jantar no Pal\u00e1cio da Alvorada"},"content":{"rendered":"<p>O chefe do Executivo brasileiro promoveu um jantar no Pal\u00e1cio da Alvorada reunindo alguns dos maiores nomes do empresariado e do setor financeiro nacional. A iniciativa busca demonstrar abertura ao di\u00e1logo com os representantes do PIB, em um momento crucial para a articula\u00e7\u00e3o pol\u00edtica da campanha \u00e0 reelei\u00e7\u00e3o.<\/p>\n<h2>Principais nomes do PIB presentes no encontro<\/h2>\n<p>A lista de convidados contou com figuras de peso da economia, como Andr\u00e9 Esteves, do BTG, Luiz Carlos Trabuco, do Bradesco, e Roberto Set\u00fabal, do Ita\u00fa Unibanco. Tamb\u00e9m marcaram presen\u00e7a Josu\u00e9 Gomes (Coteminas), Rubens Ometto (Cosan), Joesley Batista (JBS), Carlos Vieira (Caixa) e outros l\u00edderes de grandes conglomerados dos setores de infraestrutura, agroneg\u00f3cio e ind\u00fastria.<\/p>\n<h2>Bastidores e articula\u00e7\u00e3o pol\u00edtica<\/h2>\n<p>A organiza\u00e7\u00e3o do evento ficou a cargo de Edinho Silva e do ministro da Fazenda, Dario Durigan, contando ainda com a participa\u00e7\u00e3o do vice-presidente Geraldo Alckmin. Embora assessores tenham avaliado locais alternativos para fugir de questionamentos legais sobre o uso de bens p\u00fablicos, a resid\u00eancia oficial foi mantida.<\/p>\n<h2>Contexto econ\u00f4mico e ajuste fiscal<\/h2>\n<p>O jantar ocorre em meio a discuss\u00f5es sobre a trajet\u00f3ria da d\u00edvida p\u00fablica, que superou 82% do PIB, gerando cautela entre analistas e economistas. A gest\u00e3o econ\u00f4mica tem buscado tranquilizar o mercado financeiro, sinalizando maior rigor fiscal no futuro, embora o presidente evite se comprometer com medidas espec\u00edficas antes de uma defini\u00e7\u00e3o oficial.<\/p>\n<p>Por Reda\u00e7\u00e3o Acontece<\/p>\n<p>Cr\u00e9ditos da imagem: Divulga\u00e7\u00e3o \/ Pal\u00e1cio do Planalto<\/p>\n","protected":false},"excerpt":{"rendered":"<p>O chefe do Executivo brasileiro promoveu um jantar no Pal\u00e1cio da Alvorada reunindo alguns dos maiores nomes do empresariado e do setor financeiro nacional. A iniciativa busca demonstrar abertura ao di\u00e1logo com os representantes do PIB, em um momento crucial para a articula\u00e7\u00e3o pol\u00edtica da campanha \u00e0 reelei\u00e7\u00e3o. Principais nomes do PIB presentes no encontro [&hellip;]<\/p>\n","protected":false},"author":0,"featured_media":32836,"comment_status":"open","ping_status":"open","sticky":false,"template":"","format":"standard","meta":{"footnotes":""},"categories":[28],"tags":[],"class_list":["post-32831","post","type-post","status-publish","format-standard","has-post-thumbnail","hentry","category-mundo"],"_links":{"self":[{"href":"https:\/\/acontecenafronteira.com.br\/index.php\/wp-json\/wp\/v2\/posts\/32831","targetHints":{"allow":["GET"]}}],"collection":[{"href":"https:\/\/acontecenafronteira.com.br\/index.php\/wp-json\/wp\/v2\/posts"}],"about":[{"href":"https:\/\/acontecenafronteira.com.br\/index.php\/wp-json\/wp\/v2\/types\/post"}],"replies":[{"embeddable":true,"href":"https:\/\/acontecenafronteira.com.br\/index.php\/wp-json\/wp\/v2\/comments?post=32831"}],"version-history":[{"count":1,"href":"https:\/\/acontecenafronteira.com.br\/index.php\/wp-json\/wp\/v2\/posts\/32831\/revisions"}],"predecessor-version":[{"id":32835,"href":"https:\/\/acontecenafronteira.com.br\/index.php\/wp-json\/wp\/v2\/posts\/32831\/revisions\/32835"}],"wp:featuredmedia":[{"embeddable":true,"href":"https:\/\/acontecenafronteira.com.br\/index.php\/wp-json\/wp\/v2\/media\/32836"}],"wp:attachment":[{"href":"https:\/\/acontecenafronteira.com.br\/index.php\/wp-json\/wp\/v2\/media?parent=32831"}],"wp:term":[{"taxonomy":"category","embeddable":true,"href":"https:\/\/acontecenafronteira.com.br\/index.php\/wp-json\/wp\/v2\/categories?post=32831"},{"taxonomy":"post_tag","embeddable":true,"href":"https:\/\/acontecenafronteira.com.br\/index.php\/wp-json\/wp\/v2\/tags?post=32831"}],"curies":[{"name":"wp","href":"https:\/\/api.w.org\/{rel}","templated":true}]}}