{"id":3282,"date":"2021-12-02T10:35:34","date_gmt":"2021-12-02T13:35:34","guid":{"rendered":"https:\/\/acontecenafronteira.com.br\/?p=3282"},"modified":"2021-12-02T10:35:36","modified_gmt":"2021-12-02T13:35:36","slug":"secretaria-da-educacao-divulga-calendario-escolar-de-2022","status":"publish","type":"post","link":"https:\/\/acontecenafronteira.com.br\/index.php\/2021\/12\/02\/secretaria-da-educacao-divulga-calendario-escolar-de-2022\/","title":{"rendered":"Secretaria da Educa\u00e7\u00e3o divulga calend\u00e1rio escolar de 2022"},"content":{"rendered":"\n<p>Aulas come\u00e7am no dia 08 de fevereiro e seguir\u00e3o at\u00e9 16 de dezembro, com recesso de duas semanas em julho<\/p>\n\n\n\n<p>A Secretaria da Educa\u00e7\u00e3o de Foz do Igua\u00e7u divulgou o calend\u00e1rio escolar da rede municipal de ensino para o ano letivo de 2022.<br><br>Conforme o cronograma, j\u00e1 enviado para as 50 escolas e 41 CMEIs (Centros Municipais de Educa\u00e7\u00e3o Infantil), as aulas come\u00e7am no dia 8 de fevereiro e seguem at\u00e9 o dia 16 de dezembro. O recesso escolar ser\u00e1 entre os dias 10 a 23 de julho, com retorno dos alunos no dia 26.<br><br>Nos dias 02, 03 e 04 de fevereiro est\u00e1 programada a Semana Pedag\u00f3gica Docente, onde s\u00e3o tra\u00e7adas as metas e definidas as estrat\u00e9gias para o ano letivo; j\u00e1 no dia 25 de julho haver\u00e1 o IV Encontro Municipal de Valoriza\u00e7\u00e3o dos Profissionais da Educa\u00e7\u00e3o.<br><br>O calend\u00e1rio para 2022 prev\u00ea 200 dias letivos e 800 horas aula. \u201cMesmo com toda a situa\u00e7\u00e3o da pandemia neste ano e o retorno gradativo dos alunos, conseguiremos totalizar as 800 horas at\u00e9 o dia 15 de dezembro, quando terminamos o ano letivo de 2021\u201d, informou a secret\u00e1ria da educa\u00e7\u00e3o, Maria Justina da Silva.<br><br>O prazo de matr\u00edculas e rematr\u00edculas na rede municipal de ensino j\u00e1 terminou, mas em fevereiro, com o retorno das atividades administrativas, ser\u00e1 poss\u00edvel fazer transfer\u00eancias e novas matr\u00edculas.<\/p>\n","protected":false},"excerpt":{"rendered":"<p>Aulas come\u00e7am no dia 08 de fevereiro e seguir\u00e3o at\u00e9 16 de dezembro, com recesso de duas semanas em julho A Secretaria da Educa\u00e7\u00e3o de Foz do Igua\u00e7u divulgou o calend\u00e1rio escolar da rede municipal de ensino para o ano letivo de 2022. Conforme o cronograma, j\u00e1 enviado para as 50 escolas e 41 CMEIs [&hellip;]<\/p>\n","protected":false},"author":2,"featured_media":3284,"comment_status":"open","ping_status":"open","sticky":false,"template":"","format":"standard","meta":{"om_disable_all_campaigns":false,"_monsterinsights_skip_tracking":false,"_monsterinsights_sitenote_active":false,"_monsterinsights_sitenote_note":"","_monsterinsights_sitenote_category":0,"footnotes":""},"categories":[4,8],"tags":[],"class_list":["post-3282","post","type-post","status-publish","format-standard","has-post-thumbnail","hentry","category-cidade","category-educaca0"],"_links":{"self":[{"href":"https:\/\/acontecenafronteira.com.br\/index.php\/wp-json\/wp\/v2\/posts\/3282","targetHints":{"allow":["GET"]}}],"collection":[{"href":"https:\/\/acontecenafronteira.com.br\/index.php\/wp-json\/wp\/v2\/posts"}],"about":[{"href":"https:\/\/acontecenafronteira.com.br\/index.php\/wp-json\/wp\/v2\/types\/post"}],"author":[{"embeddable":true,"href":"https:\/\/acontecenafronteira.com.br\/index.php\/wp-json\/wp\/v2\/users\/2"}],"replies":[{"embeddable":true,"href":"https:\/\/acontecenafronteira.com.br\/index.php\/wp-json\/wp\/v2\/comments?post=3282"}],"version-history":[{"count":1,"href":"https:\/\/acontecenafronteira.com.br\/index.php\/wp-json\/wp\/v2\/posts\/3282\/revisions"}],"predecessor-version":[{"id":3285,"href":"https:\/\/acontecenafronteira.com.br\/index.php\/wp-json\/wp\/v2\/posts\/3282\/revisions\/3285"}],"wp:featuredmedia":[{"embeddable":true,"href":"https:\/\/acontecenafronteira.com.br\/index.php\/wp-json\/wp\/v2\/media\/3284"}],"wp:attachment":[{"href":"https:\/\/acontecenafronteira.com.br\/index.php\/wp-json\/wp\/v2\/media?parent=3282"}],"wp:term":[{"taxonomy":"category","embeddable":true,"href":"https:\/\/acontecenafronteira.com.br\/index.php\/wp-json\/wp\/v2\/categories?post=3282"},{"taxonomy":"post_tag","embeddable":true,"href":"https:\/\/acontecenafronteira.com.br\/index.php\/wp-json\/wp\/v2\/tags?post=3282"}],"curies":[{"name":"wp","href":"https:\/\/api.w.org\/{rel}","templated":true}]}}