{"id":32819,"date":"2026-08-31T20:37:23","date_gmt":"2026-08-31T23:37:23","guid":{"rendered":"https:\/\/acontecenafronteira.com.br\/?p=32819"},"modified":"2026-08-31T20:37:23","modified_gmt":"2026-08-31T23:37:23","slug":"zema-visita-sede-da-pf-em-curitiba-e-critica-corrupcao","status":"publish","type":"post","link":"https:\/\/acontecenafronteira.com.br\/index.php\/2026\/08\/31\/zema-visita-sede-da-pf-em-curitiba-e-critica-corrupcao\/","title":{"rendered":"Zema visita sede da PF em Curitiba e critica corrup\u00e7\u00e3o"},"content":{"rendered":"<p>O governador de Minas Gerais e pr\u00e9-candidato \u00e0 Presid\u00eancia da Rep\u00fablica pelo partido Novo, Romeu Zema, esteve nesta segunda-feira (31) em frente \u00e0 Superintend\u00eancia da <strong>Pol\u00edcia Federal do Paran\u00e1<\/strong>, em Curitiba. O local \u00e9 historicamente conhecido por ter sido o principal centro de opera\u00e7\u00f5es da <strong>Opera\u00e7\u00e3o Lava Jato<\/strong>.<\/p>\n<h2>O s\u00edmbolo da Lava Jato<\/h2>\n<p>A unidade curitibana coordenou investiga\u00e7\u00f5es fundamentais contra esquemas de corrup\u00e7\u00e3o e lavagem de dinheiro, al\u00e9m de abrigar a carceragem que recebeu diversos alvos c\u00e9lebres da opera\u00e7\u00e3o conduzida em parceria com o Minist\u00e9rio P\u00fablico Federal e a Justi\u00e7a Federal.<\/p>\n<p>Durante sua passagem pelo local, Zema interagiu com eleitores e correligion\u00e1rios, recolheu propostas pol\u00edticas e produziu material para sua campanha eleitoral.<\/p>\n<h2>Cr\u00edticas ao cen\u00e1rio pol\u00edtico atual<\/h2>\n<p>Em conversa com jornalistas, o pol\u00edtico destacou a relev\u00e2ncia hist\u00f3rica das investiga\u00e7\u00f5es anticorrup\u00e7\u00e3o e lamentou o desmonte das estruturas de combate aos desvios de recursos p\u00fablicos.<\/p>\n<p>&#8220;Estou aqui para refor\u00e7ar, para relembrar: a Lava Jato foi a maior investiga\u00e7\u00e3o, a maior luta do Brasil contra a corrup\u00e7\u00e3o, e infelizmente foi desmontada pelos intoc\u00e1veis de Bras\u00edlia, mas, se Deus quiser, n\u00f3s vamos continuar com essa luta contra a corrup\u00e7\u00e3o no Brasil&#8221;, declarou o chefe do Executivo mineiro.<\/p>\n<p>O representante do partido Novo tamb\u00e9m mencionou esc\u00e2ndalos recentes e questionou a impunidade de suspeitos que tiveram valores desviados devolvidos aos cofres p\u00fablicos, mas acabaram libertados sem condena\u00e7\u00f5es definitivas.<\/p>\n<p>Ap\u00f3s o pronunciamento, o presidenci\u00e1vel evitou novos questionamentos da imprensa e seguiu viagem com destino a Santa Catarina.<\/p>\n<p>Por Reda\u00e7\u00e3o Acontece<\/p>\n<p>RPC<\/p>\n","protected":false},"excerpt":{"rendered":"<p>O governador de Minas Gerais e pr\u00e9-candidato \u00e0 Presid\u00eancia da Rep\u00fablica pelo partido Novo, Romeu Zema, esteve nesta segunda-feira (31) em frente \u00e0 Superintend\u00eancia da Pol\u00edcia Federal do Paran\u00e1, em Curitiba. O local \u00e9 historicamente conhecido por ter sido o principal centro de opera\u00e7\u00f5es da Opera\u00e7\u00e3o Lava Jato. O s\u00edmbolo da Lava Jato A unidade [&hellip;]<\/p>\n","protected":false},"author":0,"featured_media":32827,"comment_status":"open","ping_status":"open","sticky":false,"template":"","format":"standard","meta":{"footnotes":""},"categories":[18],"tags":[],"class_list":["post-32819","post","type-post","status-publish","format-standard","has-post-thumbnail","hentry","category-parana"],"_links":{"self":[{"href":"https:\/\/acontecenafronteira.com.br\/index.php\/wp-json\/wp\/v2\/posts\/32819","targetHints":{"allow":["GET"]}}],"collection":[{"href":"https:\/\/acontecenafronteira.com.br\/index.php\/wp-json\/wp\/v2\/posts"}],"about":[{"href":"https:\/\/acontecenafronteira.com.br\/index.php\/wp-json\/wp\/v2\/types\/post"}],"replies":[{"embeddable":true,"href":"https:\/\/acontecenafronteira.com.br\/index.php\/wp-json\/wp\/v2\/comments?post=32819"}],"version-history":[{"count":1,"href":"https:\/\/acontecenafronteira.com.br\/index.php\/wp-json\/wp\/v2\/posts\/32819\/revisions"}],"predecessor-version":[{"id":32826,"href":"https:\/\/acontecenafronteira.com.br\/index.php\/wp-json\/wp\/v2\/posts\/32819\/revisions\/32826"}],"wp:featuredmedia":[{"embeddable":true,"href":"https:\/\/acontecenafronteira.com.br\/index.php\/wp-json\/wp\/v2\/media\/32827"}],"wp:attachment":[{"href":"https:\/\/acontecenafronteira.com.br\/index.php\/wp-json\/wp\/v2\/media?parent=32819"}],"wp:term":[{"taxonomy":"category","embeddable":true,"href":"https:\/\/acontecenafronteira.com.br\/index.php\/wp-json\/wp\/v2\/categories?post=32819"},{"taxonomy":"post_tag","embeddable":true,"href":"https:\/\/acontecenafronteira.com.br\/index.php\/wp-json\/wp\/v2\/tags?post=32819"}],"curies":[{"name":"wp","href":"https:\/\/api.w.org\/{rel}","templated":true}]}}