{"id":32817,"date":"2026-08-31T20:36:51","date_gmt":"2026-08-31T23:36:51","guid":{"rendered":"https:\/\/acontecenafronteira.com.br\/?p=32817"},"modified":"2026-08-31T20:36:51","modified_gmt":"2026-08-31T23:36:51","slug":"video-mostra-alivio-de-passageiros-apos-aviao-sair-da-pista-no-pr","status":"publish","type":"post","link":"https:\/\/acontecenafronteira.com.br\/index.php\/2026\/08\/31\/video-mostra-alivio-de-passageiros-apos-aviao-sair-da-pista-no-pr\/","title":{"rendered":"V\u00eddeo mostra al\u00edvio de passageiros ap\u00f3s avi\u00e3o sair da pista no PR"},"content":{"rendered":"<p>Um avi\u00e3o que transportava 151 pessoas ultrapassou os limites da pista durante o pouso no Aeroporto Regional de Cascavel, localizado no Oeste do estado, na manh\u00e3 desta segunda-feira (31).<\/p>\n<h2>Momento de tens\u00e3o e al\u00edvio<\/h2>\n<p>Um registro em v\u00eddeo feito por uma das pessoas a bordo revela o exato momento em que a aeronave para em uma \u00e1rea enlameada ap\u00f3s o incidente. Nas cenas, os viajantes expressam grande al\u00edvio e comemoram o fato de estarem ilesos depois do susto.<\/p>\n<h2>Detalhes do voo e opera\u00e7\u00e3o<\/h2>\n<p>O voo LA3858 decolou do Aeroporto Internacional de Guarulhos, na Grande S\u00e3o Paulo, com destino ao interior paranaense. A bordo estavam 145 passageiros e uma tripula\u00e7\u00e3o composta por seis profissionais.<\/p>\n<p>Ap\u00f3s ultrapassar o final da pista, o jato imobilizou-se em um trecho de lama adjacente ao pavimento, mobilizando equipes de atendimento no terminal aeroportu\u00e1rio.<\/p>\n<h2>Fechamento do aeroporto e investiga\u00e7\u00f5es<\/h2>\n<p>Como consequ\u00eancia da ocorr\u00eancia, o terminal de Cascavel teve as opera\u00e7\u00f5es de pousos e decolagens temporariamente suspensas. A companhia a\u00e9rea respons\u00e1vel comunicou que providenciar\u00e1 equipamentos espec\u00edficos para a remo\u00e7\u00e3o do avi\u00e3o do local.<\/p>\n<p>As raz\u00f5es que motivaram a sa\u00edda da aeronave da pista ainda ser\u00e3o investigadas minuciosamente pelos \u00f3rg\u00e3os competentes.<\/p>\n<p>Em pronunciamento oficial, a empresa afirmou que est\u00e1 prestando total apoio aos investigadores. A companhia destacou que cumpre rigorosos padr\u00f5es t\u00e9cnicos e operacionais de seguran\u00e7a em todas as suas rotas e opera\u00e7\u00f5es.<\/p>\n<p>Por Reda\u00e7\u00e3o Acontece<\/p>\n<p>RPC Cascavel<\/p>\n","protected":false},"excerpt":{"rendered":"<p>Um avi\u00e3o que transportava 151 pessoas ultrapassou os limites da pista durante o pouso no Aeroporto Regional de Cascavel, localizado no Oeste do estado, na manh\u00e3 desta segunda-feira (31). Momento de tens\u00e3o e al\u00edvio Um registro em v\u00eddeo feito por uma das pessoas a bordo revela o exato momento em que a aeronave para em [&hellip;]<\/p>\n","protected":false},"author":0,"featured_media":32823,"comment_status":"open","ping_status":"open","sticky":false,"template":"","format":"standard","meta":{"footnotes":""},"categories":[18],"tags":[],"class_list":["post-32817","post","type-post","status-publish","format-standard","has-post-thumbnail","hentry","category-parana"],"_links":{"self":[{"href":"https:\/\/acontecenafronteira.com.br\/index.php\/wp-json\/wp\/v2\/posts\/32817","targetHints":{"allow":["GET"]}}],"collection":[{"href":"https:\/\/acontecenafronteira.com.br\/index.php\/wp-json\/wp\/v2\/posts"}],"about":[{"href":"https:\/\/acontecenafronteira.com.br\/index.php\/wp-json\/wp\/v2\/types\/post"}],"replies":[{"embeddable":true,"href":"https:\/\/acontecenafronteira.com.br\/index.php\/wp-json\/wp\/v2\/comments?post=32817"}],"version-history":[{"count":1,"href":"https:\/\/acontecenafronteira.com.br\/index.php\/wp-json\/wp\/v2\/posts\/32817\/revisions"}],"predecessor-version":[{"id":32822,"href":"https:\/\/acontecenafronteira.com.br\/index.php\/wp-json\/wp\/v2\/posts\/32817\/revisions\/32822"}],"wp:featuredmedia":[{"embeddable":true,"href":"https:\/\/acontecenafronteira.com.br\/index.php\/wp-json\/wp\/v2\/media\/32823"}],"wp:attachment":[{"href":"https:\/\/acontecenafronteira.com.br\/index.php\/wp-json\/wp\/v2\/media?parent=32817"}],"wp:term":[{"taxonomy":"category","embeddable":true,"href":"https:\/\/acontecenafronteira.com.br\/index.php\/wp-json\/wp\/v2\/categories?post=32817"},{"taxonomy":"post_tag","embeddable":true,"href":"https:\/\/acontecenafronteira.com.br\/index.php\/wp-json\/wp\/v2\/tags?post=32817"}],"curies":[{"name":"wp","href":"https:\/\/api.w.org\/{rel}","templated":true}]}}