{"id":32816,"date":"2026-08-31T20:36:14","date_gmt":"2026-08-31T23:36:14","guid":{"rendered":"https:\/\/acontecenafronteira.com.br\/?p=32816"},"modified":"2026-08-31T20:36:14","modified_gmt":"2026-08-31T23:36:14","slug":"candidatos-ao-senado-pr-2026-veja-quem-disputa-as-vagas","status":"publish","type":"post","link":"https:\/\/acontecenafronteira.com.br\/index.php\/2026\/08\/31\/candidatos-ao-senado-pr-2026-veja-quem-disputa-as-vagas\/","title":{"rendered":"Candidatos ao Senado PR 2026: veja quem disputa as vagas"},"content":{"rendered":"<p>As <strong>Elei\u00e7\u00f5es 2026<\/strong> no Paran\u00e1 contam com nove pol\u00edticos na disputa por duas vagas no <strong>Senado Federal<\/strong>. O pleito est\u00e1 marcado para o dia 4 de outubro em turno \u00fanico, garantindo mandatos de oito anos para a dupla vencedora.<\/p>\n<h2>Panorama nacional e regras de vota\u00e7\u00e3o<\/h2>\n<p>O cen\u00e1rio faz parte de uma renova\u00e7\u00e3o expressiva no Congresso Nacional. No total, o pa\u00eds escolher\u00e1 54 novos senadores, preenchendo dois ter\u00e7os das 81 cadeiras da Casa legislativa.<\/p>\n<p>Como cada unidade federativa elege dois representantes, os eleitores paranaenses dever\u00e3o selecionar dois nomes distintos na urna eletr\u00f4nica. No plano nacional, o pleito abrange 158,7 milh\u00f5es de cidad\u00e3os aptos a votar para presidente, governador, senador, al\u00e9m de deputados federais e estaduais.<\/p>\n<h2>Lista de candidatos ao Senado pelo Paran\u00e1<\/h2>\n<p>As legendas e federa\u00e7\u00f5es j\u00e1 protocolaram todas as candidaturas junto ao <strong>Tribunal Superior Eleitoral (TSE)<\/strong>. Os registros seguem em an\u00e1lise pela Justi\u00e7a Eleitoral e trazem os seguintes nomes em ordem alfab\u00e9tica:<\/p>\n<p>Alexandre Curi (REPUBLICANOS) &#8211; 100 &#8211; Concorrendo Cristina Graeml (PSD) &#8211; 555 &#8211; Concorrendo Deltan Dallagnol (NOVO) &#8211; 300 &#8211; Concorrendo Dr Rosinha (PT) &#8211; 132 &#8211; Concorrendo Filipe Barros (PL) &#8211; 222 &#8211; Concorrendo Gleisi (PT) &#8211; 131 &#8211; Concorrendo Joaquim do Mlb (UP) &#8211; 800 &#8211; Concorrendo Karen Guerreiro (MISS\u00c3O) &#8211; 144 &#8211; Concorrendo Marcelo Marcelino (PCO) &#8211; 290 &#8211; Concorrendo<\/p>\n<h2>Situa\u00e7\u00e3o dos registros na Justi\u00e7a Eleitoral<\/h2>\n<p>O TSE classifica os concorrentes em duas categorias centrais: aptos a receber votos ou inaptos. O grupo de ativos engloba registros deferidos, com recursos pendentes ou aguardando o julgamento final.<\/p>\n<p>J\u00e1 a situa\u00e7\u00e3o de inapto engloba candidaturas canceladas, indeferidas, cassadas, al\u00e9m de casos de ren\u00fancia ou falecimento. Eventuais duplicidades de nomes na base de dados oficial ser\u00e3o mantidas temporariamente pelo \u00f3rg\u00e3o, com a indica\u00e7\u00e3o da op\u00e7\u00e3o regularizada at\u00e9 a data da vota\u00e7\u00e3o.<\/p>\n<p>Acompanhe as atualiza\u00e7\u00f5es deste pleito e verifique poss\u00edveis altera\u00e7\u00f5es na nominata oficial diretamente pelos canais informativos do tribunal.<\/p>\n<p>Por Reda\u00e7\u00e3o Acontece<\/p>\n<p>Imagem: Divulga\u00e7\u00e3o \/ TSE<\/p>\n","protected":false},"excerpt":{"rendered":"<p>As Elei\u00e7\u00f5es 2026 no Paran\u00e1 contam com nove pol\u00edticos na disputa por duas vagas no Senado Federal. O pleito est\u00e1 marcado para o dia 4 de outubro em turno \u00fanico, garantindo mandatos de oito anos para a dupla vencedora. Panorama nacional e regras de vota\u00e7\u00e3o O cen\u00e1rio faz parte de uma renova\u00e7\u00e3o expressiva no Congresso [&hellip;]<\/p>\n","protected":false},"author":0,"featured_media":32821,"comment_status":"open","ping_status":"open","sticky":false,"template":"","format":"standard","meta":{"footnotes":""},"categories":[18],"tags":[],"class_list":["post-32816","post","type-post","status-publish","format-standard","has-post-thumbnail","hentry","category-parana"],"_links":{"self":[{"href":"https:\/\/acontecenafronteira.com.br\/index.php\/wp-json\/wp\/v2\/posts\/32816","targetHints":{"allow":["GET"]}}],"collection":[{"href":"https:\/\/acontecenafronteira.com.br\/index.php\/wp-json\/wp\/v2\/posts"}],"about":[{"href":"https:\/\/acontecenafronteira.com.br\/index.php\/wp-json\/wp\/v2\/types\/post"}],"replies":[{"embeddable":true,"href":"https:\/\/acontecenafronteira.com.br\/index.php\/wp-json\/wp\/v2\/comments?post=32816"}],"version-history":[{"count":1,"href":"https:\/\/acontecenafronteira.com.br\/index.php\/wp-json\/wp\/v2\/posts\/32816\/revisions"}],"predecessor-version":[{"id":32820,"href":"https:\/\/acontecenafronteira.com.br\/index.php\/wp-json\/wp\/v2\/posts\/32816\/revisions\/32820"}],"wp:featuredmedia":[{"embeddable":true,"href":"https:\/\/acontecenafronteira.com.br\/index.php\/wp-json\/wp\/v2\/media\/32821"}],"wp:attachment":[{"href":"https:\/\/acontecenafronteira.com.br\/index.php\/wp-json\/wp\/v2\/media?parent=32816"}],"wp:term":[{"taxonomy":"category","embeddable":true,"href":"https:\/\/acontecenafronteira.com.br\/index.php\/wp-json\/wp\/v2\/categories?post=32816"},{"taxonomy":"post_tag","embeddable":true,"href":"https:\/\/acontecenafronteira.com.br\/index.php\/wp-json\/wp\/v2\/tags?post=32816"}],"curies":[{"name":"wp","href":"https:\/\/api.w.org\/{rel}","templated":true}]}}