{"id":32803,"date":"2026-08-31T19:37:09","date_gmt":"2026-08-31T22:37:09","guid":{"rendered":"https:\/\/acontecenafronteira.com.br\/?p=32803"},"modified":"2026-08-31T19:37:09","modified_gmt":"2026-08-31T22:37:09","slug":"patinador-dinamarques-danca-funk-na-letonia-e-viraliza-na-web","status":"publish","type":"post","link":"https:\/\/acontecenafronteira.com.br\/index.php\/2026\/08\/31\/patinador-dinamarques-danca-funk-na-letonia-e-viraliza-na-web\/","title":{"rendered":"Patinador dinamarqu\u00eas dan\u00e7a funk na Let\u00f4nia e viraliza na web"},"content":{"rendered":"<p>O patinador art\u00edstico Wendell Hansson-Ostergaard surpreendeu o p\u00fablico internacional ao escolher um funk brasileiro para sua rotina de gelo durante o Grand Prix J\u00fanior, realizado em Riga, na Let\u00f4nia.<\/p>\n<h2>A repercuss\u00e3o da trilha sonora inusitada<\/h2>\n<p>A escolha musical do atleta dinamarqu\u00eas rapidamente tomou conta das redes sociais, gerando debates entre os espectadores sobre a adequa\u00e7\u00e3o da letra da can\u00e7\u00e3o para uma competi\u00e7\u00e3o oficial da modalidade.<\/p>\n<h2>Regulamenta\u00e7\u00e3o e a avalia\u00e7\u00e3o dos ju\u00edzes<\/h2>\n<p>Especialistas em regras esportivas esclareceram que a Uni\u00e3o Internacional de Patina\u00e7\u00e3o (ISU) n\u00e3o prev\u00ea san\u00e7\u00f5es autom\u00e1ticas apenas pelo conte\u00fado das letras musicais escolhidas pelos competidores.<\/p>\n<p>Contudo, a interpreta\u00e7\u00e3o final permanece sob a responsabilidade da banca de jurados, que pode acionar diretrizes de conduta e boas pr\u00e1ticas caso identifique viola\u00e7\u00f5es morais.<\/p>\n<h2>Desempenho e hist\u00f3rico na temporada<\/h2>\n<p>Apesar da pol\u00eamica em torno da trilha sonora, a perda de pontos registrada pelo atleta na ocasi\u00e3o ocorreu exclusivamente devido a uma queda durante a execu\u00e7\u00e3o de seus saltos na pista.<\/p>\n<p>Na atual temporada competitiva de 2025 e 2026, o jovem dinamarqu\u00eas j\u00e1 acumula sete participa\u00e7\u00f5es internacionais, tendo alcan\u00e7ado o p\u00f3dio em tr\u00eas oportunidades, com direito a duas medalhas de ouro e uma de bronze.<\/p>\n<p>Por Reda\u00e7\u00e3o Acontece<\/p>\n<p>Cr\u00e9ditos da imagem: Reprodu\u00e7\u00e3o \/ Redes Sociais<\/p>\n","protected":false},"excerpt":{"rendered":"<p>O patinador art\u00edstico Wendell Hansson-Ostergaard surpreendeu o p\u00fablico internacional ao escolher um funk brasileiro para sua rotina de gelo durante o Grand Prix J\u00fanior, realizado em Riga, na Let\u00f4nia. A repercuss\u00e3o da trilha sonora inusitada A escolha musical do atleta dinamarqu\u00eas rapidamente tomou conta das redes sociais, gerando debates entre os espectadores sobre a adequa\u00e7\u00e3o [&hellip;]<\/p>\n","protected":false},"author":0,"featured_media":32811,"comment_status":"open","ping_status":"open","sticky":false,"template":"","format":"standard","meta":{"footnotes":""},"categories":[6],"tags":[],"class_list":["post-32803","post","type-post","status-publish","format-standard","has-post-thumbnail","hentry","category-mercosul"],"_links":{"self":[{"href":"https:\/\/acontecenafronteira.com.br\/index.php\/wp-json\/wp\/v2\/posts\/32803","targetHints":{"allow":["GET"]}}],"collection":[{"href":"https:\/\/acontecenafronteira.com.br\/index.php\/wp-json\/wp\/v2\/posts"}],"about":[{"href":"https:\/\/acontecenafronteira.com.br\/index.php\/wp-json\/wp\/v2\/types\/post"}],"replies":[{"embeddable":true,"href":"https:\/\/acontecenafronteira.com.br\/index.php\/wp-json\/wp\/v2\/comments?post=32803"}],"version-history":[{"count":1,"href":"https:\/\/acontecenafronteira.com.br\/index.php\/wp-json\/wp\/v2\/posts\/32803\/revisions"}],"predecessor-version":[{"id":32810,"href":"https:\/\/acontecenafronteira.com.br\/index.php\/wp-json\/wp\/v2\/posts\/32803\/revisions\/32810"}],"wp:featuredmedia":[{"embeddable":true,"href":"https:\/\/acontecenafronteira.com.br\/index.php\/wp-json\/wp\/v2\/media\/32811"}],"wp:attachment":[{"href":"https:\/\/acontecenafronteira.com.br\/index.php\/wp-json\/wp\/v2\/media?parent=32803"}],"wp:term":[{"taxonomy":"category","embeddable":true,"href":"https:\/\/acontecenafronteira.com.br\/index.php\/wp-json\/wp\/v2\/categories?post=32803"},{"taxonomy":"post_tag","embeddable":true,"href":"https:\/\/acontecenafronteira.com.br\/index.php\/wp-json\/wp\/v2\/tags?post=32803"}],"curies":[{"name":"wp","href":"https:\/\/api.w.org\/{rel}","templated":true}]}}