{"id":32802,"date":"2026-08-31T19:37:01","date_gmt":"2026-08-31T22:37:01","guid":{"rendered":"https:\/\/acontecenafronteira.com.br\/?p=32802"},"modified":"2026-08-31T19:37:01","modified_gmt":"2026-08-31T22:37:01","slug":"luiza-sobral-e-felipe-reif-se-casam-no-rio-de-janeiro","status":"publish","type":"post","link":"https:\/\/acontecenafronteira.com.br\/index.php\/2026\/08\/31\/luiza-sobral-e-felipe-reif-se-casam-no-rio-de-janeiro\/","title":{"rendered":"Luiza Sobral e Felipe Reif se casam no Rio de Janeiro"},"content":{"rendered":"<p>A influenciadora digital <strong>Luiza Sobral<\/strong> e o empres\u00e1rio <strong>Felipe Reif<\/strong> deram um passo importante na rela\u00e7\u00e3o ao oficializarem o matrim\u00f4nio civil em uma celebra\u00e7\u00e3o reservada na capital fluminense, realizada no \u00faltimo domingo (30\/8).<\/p>\n<h2>Detalhes da cerimonia na Floresta da Tijuca<\/h2>\n<p>O evento aconteceu na <strong>Mans\u00e3o do Alto<\/strong>, localizada na Floresta da Tijuca, um espa\u00e7o famoso por proporcionar uma vista panor\u00e2mica privilegiada da cidade do Rio de Janeiro. A ocasi\u00e3o foi restrita aos familiares e amigos mais \u00edntimos do casal.<\/p>\n<p>A decora\u00e7\u00e3o do espa\u00e7o seguiu uma est\u00e9tica delicada, baseada em uma paleta de cores focada nos tons <strong>branco e verde<\/strong>. O altar da cerim\u00f4nia chamou a aten\u00e7\u00e3o pela escolha floral, destacando-se com um arco imponente feito de <strong>copos-de-leite brancos<\/strong> que emoldurou a troca de votos.<\/p>\n<h2>Emocao da familia e proximos passos<\/h2>\n<p>Um dos momentos mais marcantes foi compartilhado nas redes sociais pela m\u00e3e da noiva, <strong>Adriana Sobral<\/strong>. Ela expressou grande emo\u00e7\u00e3o ao ver a filha ser conduzida ao altar pelo pai, <strong>Paulo Sobral<\/strong>.<\/p>\n<p>Apesar de emocionante, a uni\u00e3o civil funcionou apenas como o pontap\u00e9 inicial para as comemora\u00e7\u00f5es oficiais do casal. Os noivos j\u00e1 confirmaram que planejam uma festa de grande porte para o dia <strong>26 de setembro<\/strong>, que ocorrer\u00e1 \u00e0 beira-mar na praia de <strong>Ta\u00edba, no Cear\u00e1<\/strong>.<\/p>\n<p>&#8220;Estamos muito felizes em realizar este primeiro cap\u00edtulo da nossa hist\u00f3ria, ao lado das pessoas que mais amamos&#8221;, declarou a influenciadora sobre o momento especial.<\/p>\n<p>Por Reda\u00e7\u00e3o Acontece<\/p>\n<p>Foto: Divulga\u00e7\u00e3o\/Redes Sociais<\/p>\n","protected":false},"excerpt":{"rendered":"<p>A influenciadora digital Luiza Sobral e o empres\u00e1rio Felipe Reif deram um passo importante na rela\u00e7\u00e3o ao oficializarem o matrim\u00f4nio civil em uma celebra\u00e7\u00e3o reservada na capital fluminense, realizada no \u00faltimo domingo (30\/8). Detalhes da cerimonia na Floresta da Tijuca O evento aconteceu na Mans\u00e3o do Alto, localizada na Floresta da Tijuca, um espa\u00e7o famoso [&hellip;]<\/p>\n","protected":false},"author":0,"featured_media":32809,"comment_status":"open","ping_status":"open","sticky":false,"template":"","format":"standard","meta":{"footnotes":""},"categories":[6],"tags":[],"class_list":["post-32802","post","type-post","status-publish","format-standard","has-post-thumbnail","hentry","category-mercosul"],"_links":{"self":[{"href":"https:\/\/acontecenafronteira.com.br\/index.php\/wp-json\/wp\/v2\/posts\/32802","targetHints":{"allow":["GET"]}}],"collection":[{"href":"https:\/\/acontecenafronteira.com.br\/index.php\/wp-json\/wp\/v2\/posts"}],"about":[{"href":"https:\/\/acontecenafronteira.com.br\/index.php\/wp-json\/wp\/v2\/types\/post"}],"replies":[{"embeddable":true,"href":"https:\/\/acontecenafronteira.com.br\/index.php\/wp-json\/wp\/v2\/comments?post=32802"}],"version-history":[{"count":1,"href":"https:\/\/acontecenafronteira.com.br\/index.php\/wp-json\/wp\/v2\/posts\/32802\/revisions"}],"predecessor-version":[{"id":32808,"href":"https:\/\/acontecenafronteira.com.br\/index.php\/wp-json\/wp\/v2\/posts\/32802\/revisions\/32808"}],"wp:featuredmedia":[{"embeddable":true,"href":"https:\/\/acontecenafronteira.com.br\/index.php\/wp-json\/wp\/v2\/media\/32809"}],"wp:attachment":[{"href":"https:\/\/acontecenafronteira.com.br\/index.php\/wp-json\/wp\/v2\/media?parent=32802"}],"wp:term":[{"taxonomy":"category","embeddable":true,"href":"https:\/\/acontecenafronteira.com.br\/index.php\/wp-json\/wp\/v2\/categories?post=32802"},{"taxonomy":"post_tag","embeddable":true,"href":"https:\/\/acontecenafronteira.com.br\/index.php\/wp-json\/wp\/v2\/tags?post=32802"}],"curies":[{"name":"wp","href":"https:\/\/api.w.org\/{rel}","templated":true}]}}