{"id":32801,"date":"2026-08-31T19:36:34","date_gmt":"2026-08-31T22:36:34","guid":{"rendered":"https:\/\/acontecenafronteira.com.br\/?p=32801"},"modified":"2026-08-31T19:36:34","modified_gmt":"2026-08-31T22:36:34","slug":"etiqueta-no-aviao-o-que-mais-irrita-os-passageiros-hoje","status":"publish","type":"post","link":"https:\/\/acontecenafronteira.com.br\/index.php\/2026\/08\/31\/etiqueta-no-aviao-o-que-mais-irrita-os-passageiros-hoje\/","title":{"rendered":"Etiqueta no avi\u00e3o: o que mais irrita os passageiros hoje"},"content":{"rendered":"<p>O barulho excessivo e a falta de considera\u00e7\u00e3o com os vizinhos de assento lideram a lista de comportamentos mais inc\u00f4modos durante uma viagem a\u00e9rea.<\/p>\n<h2>O barulho como principal inc\u00f4modo<\/h2>\n<p>O uso de aparelhos eletr\u00f4nicos sem fones de ouvido e conversas em tom elevado lideram o ranking de reclama\u00e7\u00f5es, incomodando 27% dos viajantes. Esse h\u00e1bito afeta diretamente o bem-estar de quem divide o espa\u00e7o reduzido da cabine.<\/p>\n<p>O levantamento revela que 42% dos passageiros sentem que a educa\u00e7\u00e3o a bordo piorou nos \u00faltimos cinco anos. Contudo, a maioria prefere o retorno spont\u00e2neo da boa conviv\u00eancia em vez de puni\u00e7\u00f5es severas ou novas normas corporativas.<\/p>\n<h2>A pol\u00eamica do encosto e o espa\u00e7o compartilhado<\/h2>\n<p>Outro ponto cr\u00edtico \u00e9 o h\u00e1bito de reclinar a poltrona de maneira brusca ou exagerada, gerando estresse para 21% do p\u00fablico. A recomenda\u00e7\u00e3o de bom senso indica verificar a situa\u00e7\u00e3o de quem est\u00e1 atr\u00e1s antes de deitar o assento.<\/p>\n<p>A disputa pelo apoio de bra\u00e7o tamb\u00e9m divide opini\u00f5es. Apenas uma pequena parcela defende a exclusividade para o assento do meio, enquanto a maioria prefere a divis\u00e3o justa do espa\u00e7o.<\/p>\n<h2>Regras de conviv\u00eancia no desembarque<\/h2>\n<p>O momento de deixar a aeronave exige paci\u00eancia e respeito \u00e0 ordem das fileiras. Sair de forma organizada, da frente para tr\u00e1s, \u00e9 considerado o comportamento ideal por uma ampla maioria dos viajantes.<\/p>\n<p>Por Reda\u00e7\u00e3o Acontece<\/p>\n<p>Foto: Divulga\u00e7\u00e3o\/Pixabay<\/p>\n","protected":false},"excerpt":{"rendered":"<p>O barulho excessivo e a falta de considera\u00e7\u00e3o com os vizinhos de assento lideram a lista de comportamentos mais inc\u00f4modos durante uma viagem a\u00e9rea. O barulho como principal inc\u00f4modo O uso de aparelhos eletr\u00f4nicos sem fones de ouvido e conversas em tom elevado lideram o ranking de reclama\u00e7\u00f5es, incomodando 27% dos viajantes. Esse h\u00e1bito afeta [&hellip;]<\/p>\n","protected":false},"author":0,"featured_media":32807,"comment_status":"open","ping_status":"open","sticky":false,"template":"","format":"standard","meta":{"footnotes":""},"categories":[6],"tags":[],"class_list":["post-32801","post","type-post","status-publish","format-standard","has-post-thumbnail","hentry","category-mercosul"],"_links":{"self":[{"href":"https:\/\/acontecenafronteira.com.br\/index.php\/wp-json\/wp\/v2\/posts\/32801","targetHints":{"allow":["GET"]}}],"collection":[{"href":"https:\/\/acontecenafronteira.com.br\/index.php\/wp-json\/wp\/v2\/posts"}],"about":[{"href":"https:\/\/acontecenafronteira.com.br\/index.php\/wp-json\/wp\/v2\/types\/post"}],"replies":[{"embeddable":true,"href":"https:\/\/acontecenafronteira.com.br\/index.php\/wp-json\/wp\/v2\/comments?post=32801"}],"version-history":[{"count":1,"href":"https:\/\/acontecenafronteira.com.br\/index.php\/wp-json\/wp\/v2\/posts\/32801\/revisions"}],"predecessor-version":[{"id":32806,"href":"https:\/\/acontecenafronteira.com.br\/index.php\/wp-json\/wp\/v2\/posts\/32801\/revisions\/32806"}],"wp:featuredmedia":[{"embeddable":true,"href":"https:\/\/acontecenafronteira.com.br\/index.php\/wp-json\/wp\/v2\/media\/32807"}],"wp:attachment":[{"href":"https:\/\/acontecenafronteira.com.br\/index.php\/wp-json\/wp\/v2\/media?parent=32801"}],"wp:term":[{"taxonomy":"category","embeddable":true,"href":"https:\/\/acontecenafronteira.com.br\/index.php\/wp-json\/wp\/v2\/categories?post=32801"},{"taxonomy":"post_tag","embeddable":true,"href":"https:\/\/acontecenafronteira.com.br\/index.php\/wp-json\/wp\/v2\/tags?post=32801"}],"curies":[{"name":"wp","href":"https:\/\/api.w.org\/{rel}","templated":true}]}}