{"id":32800,"date":"2026-08-31T19:36:30","date_gmt":"2026-08-31T22:36:30","guid":{"rendered":"https:\/\/acontecenafronteira.com.br\/?p=32800"},"modified":"2026-08-31T19:36:30","modified_gmt":"2026-08-31T22:36:30","slug":"gavioes-da-fiel-repudia-ataques-a-crianca-com-blusa-de-neymar","status":"publish","type":"post","link":"https:\/\/acontecenafronteira.com.br\/index.php\/2026\/08\/31\/gavioes-da-fiel-repudia-ataques-a-crianca-com-blusa-de-neymar\/","title":{"rendered":"Gavi\u00f5es da Fiel repudia ataques a crian\u00e7a com blusa de Neymar"},"content":{"rendered":"<p>A principal torcida organizada do Corinthians se manifestou oficialmente nesta segunda-feira, 31 de agosto, para repudiar a hostilidade sofrida por um menino na Neo Qu\u00edmica Arena. O jovem torcedor foi alvo de intimida\u00e7\u00f5es ap\u00f3s conseguir a camisa de Neymar ao t\u00e9rmino da partida disputada no domingo (30).<\/p>\n<h2>Repercuss\u00e3o na Neo Qu\u00edmica Arena<\/h2>\n<p>O epis\u00f3dio ocorreu logo ap\u00f3s o apito final do cl\u00e1ssico entre Santos e Corinthians, v\u00e1lido pelo Campeonato Brasileiro. O garoto pediu o uniforme ao atacante santista, que prontamente atendeu ao pedido e entregou a blusa. Contudo, a atitude gerou revolta em torcedores corintianos presentes no setor Oeste, resultando em xingamentos e repres\u00e1lias que obrigaram a fam\u00edlia a deixar o est\u00e1dio sob escolta policial.<\/p>\n<p>Em nota oficial, a diretoria da torcida organizada destacou ser totalmente contr\u00e1ria a qualquer tipo de constrangimento ou viol\u00eancia, com foco especial na prote\u00e7\u00e3o de menores de idade. A institui\u00e7\u00e3o classificou as atitudes como covardes e enfatizou que nenhuma paix\u00e3o club\u00edstica justifica agress\u00f5es f\u00edsicas ou psicol\u00f3gicas contra crian\u00e7as.<\/p>\n<h2>Apoio e hist\u00f3rico de respeito ao esporte<\/h2>\n<p>Apesar de pontuar que a orienta\u00e7\u00e3o sobre condutas em est\u00e1dios compete aos respons\u00e1veis, a entidade refor\u00e7ou que absolutamente nada valida a hostilidade direcionada ao garoto. Como gesto de acolhimento, os dirigentes j\u00e1 entraram em contato com a fam\u00edlia e agendaram uma visita do menino \u00e0 sede da torcida.<\/p>\n<h2>Mem\u00f3ria e defesa de Neymar<\/h2>\n<p>A nota tamb\u00e9m resgatou um momento hist\u00f3rico de 1974, quando a institui\u00e7\u00e3o homenageou o Rei Pel\u00e9 com uma placa no est\u00e1dio do Pacaembu, provando que a admira\u00e7\u00e3o por grandes \u00eddolos transcende rivalidades. O pr\u00f3prio Neymar comentou o caso em entrevista coletiva ap\u00f3s o jogo, defendendo o direito da crian\u00e7a de demonstrar carinho por um atleta e destacando o respeito m\u00fatuo no esporte.<\/p>\n<p>Por Reda\u00e7\u00e3o Acontece<\/p>\n<p>Reprodu\u00e7\u00e3o \/ Redes Sociais<\/p>\n","protected":false},"excerpt":{"rendered":"<p>A principal torcida organizada do Corinthians se manifestou oficialmente nesta segunda-feira, 31 de agosto, para repudiar a hostilidade sofrida por um menino na Neo Qu\u00edmica Arena. O jovem torcedor foi alvo de intimida\u00e7\u00f5es ap\u00f3s conseguir a camisa de Neymar ao t\u00e9rmino da partida disputada no domingo (30). Repercuss\u00e3o na Neo Qu\u00edmica Arena O epis\u00f3dio ocorreu [&hellip;]<\/p>\n","protected":false},"author":0,"featured_media":32805,"comment_status":"open","ping_status":"open","sticky":false,"template":"","format":"standard","meta":{"footnotes":""},"categories":[6],"tags":[],"class_list":["post-32800","post","type-post","status-publish","format-standard","has-post-thumbnail","hentry","category-mercosul"],"_links":{"self":[{"href":"https:\/\/acontecenafronteira.com.br\/index.php\/wp-json\/wp\/v2\/posts\/32800","targetHints":{"allow":["GET"]}}],"collection":[{"href":"https:\/\/acontecenafronteira.com.br\/index.php\/wp-json\/wp\/v2\/posts"}],"about":[{"href":"https:\/\/acontecenafronteira.com.br\/index.php\/wp-json\/wp\/v2\/types\/post"}],"replies":[{"embeddable":true,"href":"https:\/\/acontecenafronteira.com.br\/index.php\/wp-json\/wp\/v2\/comments?post=32800"}],"version-history":[{"count":1,"href":"https:\/\/acontecenafronteira.com.br\/index.php\/wp-json\/wp\/v2\/posts\/32800\/revisions"}],"predecessor-version":[{"id":32804,"href":"https:\/\/acontecenafronteira.com.br\/index.php\/wp-json\/wp\/v2\/posts\/32800\/revisions\/32804"}],"wp:featuredmedia":[{"embeddable":true,"href":"https:\/\/acontecenafronteira.com.br\/index.php\/wp-json\/wp\/v2\/media\/32805"}],"wp:attachment":[{"href":"https:\/\/acontecenafronteira.com.br\/index.php\/wp-json\/wp\/v2\/media?parent=32800"}],"wp:term":[{"taxonomy":"category","embeddable":true,"href":"https:\/\/acontecenafronteira.com.br\/index.php\/wp-json\/wp\/v2\/categories?post=32800"},{"taxonomy":"post_tag","embeddable":true,"href":"https:\/\/acontecenafronteira.com.br\/index.php\/wp-json\/wp\/v2\/tags?post=32800"}],"curies":[{"name":"wp","href":"https:\/\/api.w.org\/{rel}","templated":true}]}}