{"id":32791,"date":"2026-08-31T19:36:25","date_gmt":"2026-08-31T22:36:25","guid":{"rendered":"https:\/\/acontecenafronteira.com.br\/?p=32791"},"modified":"2026-08-31T19:36:25","modified_gmt":"2026-08-31T22:36:25","slug":"renan-santos-vai-ao-tse-contra-decisao-de-toffoli-na-eleicao","status":"publish","type":"post","link":"https:\/\/acontecenafronteira.com.br\/index.php\/2026\/08\/31\/renan-santos-vai-ao-tse-contra-decisao-de-toffoli-na-eleicao\/","title":{"rendered":"Renan Santos vai ao TSE contra decis\u00e3o de Toffoli na elei\u00e7\u00e3o"},"content":{"rendered":"<p>A equipe jur\u00eddica de Renan Santos, candidato \u00e0 Presid\u00eancia da Rep\u00fablica pelo partido Miss\u00e3o, anunciou que protocolar\u00e1 ainda nesta segunda-feira (31) um mandado de seguran\u00e7a no Tribunal Superior Eleitoral. O objetivo da a\u00e7\u00e3o \u00e9 anular a decis\u00e3o do ministro Dias Toffoli que suspendeu a participa\u00e7\u00e3o do pol\u00edtico em debates, bloqueou o uso de verbas do fundo eleitoral e vetou a propaganda digital da chapa.<\/p>\n<h2>A defesa jur\u00eddica contesta a decis\u00e3o<\/h2>\n<p>Durante coletiva de imprensa, o advogado Arthur Rollo classificou a medida como ilegal e teratol\u00f3gica. A defesa destacou que a Procuradoria-Geral Eleitoral emitiu tr\u00eas pareceres favor\u00e1veis ao deferimento do registro, atestando que todas as exig\u00eancias legais foram cumpridas e que n\u00e3o h\u00e1 causas de inelegibilidade.<\/p>\n<p>Os representantes legais tamb\u00e9m planejam contestar o argumento de que houve atraso de doze dias na comunica\u00e7\u00e3o dos perfis nas redes sociais. Segundo a defesa, o pedido foi protocolado em 7 de agosto, mas a campanha s\u00f3 teve in\u00edcio oficial no dia 16, com a devida retifica\u00e7\u00e3o enviada em 19 de agosto.<\/p>\n<h2>Problemas no sistema e alega\u00e7\u00f5es de Toffoli<\/h2>\n<p>O postulante ao cargo m\u00e1ximo do Executivo atribuiu as falhas a problemas t\u00e9cnicos na nova plataforma digital disponibilizada pelo pr\u00f3prio tribunal, situa\u00e7\u00e3o que j\u00e1 havia sido relatada \u00e0s autoridades em 7 de agosto e comunicada anteriormente em julho. Para o candidato, a ferramenta nova n\u00e3o pode ser usada como justificativa para prejudicar concorrentes.<\/p>\n<p>Por outro lado, a determina\u00e7\u00e3o do magistrado aponta que a campanha utilizou 16 canais digitais n\u00e3o informados tempestivamente, o que resultaria em vantagem indevida devido a algoritmos opacos que escapam do controle social e da fiscaliza\u00e7\u00e3o da Justi\u00e7a Eleitoral. O despacho tamb\u00e9m mencionou um comunicado recente do presidente da corte, Kassio Nunes Marques, sobre a obrigatoriedade de individualizar corretamente as contas oficiais.<\/p>\n<p>Por Reda\u00e7\u00e3o Acontece<\/p>\n<p>Imagem: Divulga\u00e7\u00e3o\/TSE<\/p>\n","protected":false},"excerpt":{"rendered":"<p>A equipe jur\u00eddica de Renan Santos, candidato \u00e0 Presid\u00eancia da Rep\u00fablica pelo partido Miss\u00e3o, anunciou que protocolar\u00e1 ainda nesta segunda-feira (31) um mandado de seguran\u00e7a no Tribunal Superior Eleitoral. O objetivo da a\u00e7\u00e3o \u00e9 anular a decis\u00e3o do ministro Dias Toffoli que suspendeu a participa\u00e7\u00e3o do pol\u00edtico em debates, bloqueou o uso de verbas do [&hellip;]<\/p>\n","protected":false},"author":0,"featured_media":32799,"comment_status":"open","ping_status":"open","sticky":false,"template":"","format":"standard","meta":{"footnotes":""},"categories":[28],"tags":[],"class_list":["post-32791","post","type-post","status-publish","format-standard","has-post-thumbnail","hentry","category-mundo"],"_links":{"self":[{"href":"https:\/\/acontecenafronteira.com.br\/index.php\/wp-json\/wp\/v2\/posts\/32791","targetHints":{"allow":["GET"]}}],"collection":[{"href":"https:\/\/acontecenafronteira.com.br\/index.php\/wp-json\/wp\/v2\/posts"}],"about":[{"href":"https:\/\/acontecenafronteira.com.br\/index.php\/wp-json\/wp\/v2\/types\/post"}],"replies":[{"embeddable":true,"href":"https:\/\/acontecenafronteira.com.br\/index.php\/wp-json\/wp\/v2\/comments?post=32791"}],"version-history":[{"count":1,"href":"https:\/\/acontecenafronteira.com.br\/index.php\/wp-json\/wp\/v2\/posts\/32791\/revisions"}],"predecessor-version":[{"id":32798,"href":"https:\/\/acontecenafronteira.com.br\/index.php\/wp-json\/wp\/v2\/posts\/32791\/revisions\/32798"}],"wp:featuredmedia":[{"embeddable":true,"href":"https:\/\/acontecenafronteira.com.br\/index.php\/wp-json\/wp\/v2\/media\/32799"}],"wp:attachment":[{"href":"https:\/\/acontecenafronteira.com.br\/index.php\/wp-json\/wp\/v2\/media?parent=32791"}],"wp:term":[{"taxonomy":"category","embeddable":true,"href":"https:\/\/acontecenafronteira.com.br\/index.php\/wp-json\/wp\/v2\/categories?post=32791"},{"taxonomy":"post_tag","embeddable":true,"href":"https:\/\/acontecenafronteira.com.br\/index.php\/wp-json\/wp\/v2\/tags?post=32791"}],"curies":[{"name":"wp","href":"https:\/\/api.w.org\/{rel}","templated":true}]}}