{"id":32788,"date":"2026-08-31T19:36:11","date_gmt":"2026-08-31T22:36:11","guid":{"rendered":"https:\/\/acontecenafronteira.com.br\/?p=32788"},"modified":"2026-08-31T19:36:11","modified_gmt":"2026-08-31T22:36:11","slug":"bolsonaro-quer-volta-de-ex-assessor-investigado-por-vacina","status":"publish","type":"post","link":"https:\/\/acontecenafronteira.com.br\/index.php\/2026\/08\/31\/bolsonaro-quer-volta-de-ex-assessor-investigado-por-vacina\/","title":{"rendered":"Bolsonaro quer volta de ex-assessor investigado por vacina"},"content":{"rendered":"<p>A defesa do ex-presidente Jair Bolsonaro apresentou um pedido formal ao ministro Alexandre de Moraes, do Supremo Tribunal Federal (STF), solicitando a reintegra\u00e7\u00e3o de dois ex-auxiliares que haviam sido afastados devido a investiga\u00e7\u00f5es sobre supostas fraudes em cart\u00f5es de vacina\u00e7\u00e3o contra a Covid-19.<\/p>\n<h2>Retorno dos auxiliares \u00e0 resid\u00eancia oficial<\/h2>\n<p>Os advogados buscam que S\u00e9rgio Rocha Cordeiro e Max Guilherme Machado de Moura voltem a compor o grupo de servidores encarregados das tarefas cotidianas na resid\u00eancia do ex-mandat\u00e1rio. Ambos atuaram como assessores durante o mandato presidencial e continuaram prestando assist\u00eancia ap\u00f3s o t\u00e9rmino da gest\u00e3o, mas acabaram desligados quando se tornaram alvos do inqu\u00e9rito.<\/p>\n<h2>Arquivamento pedido pelo Minist\u00e9rio P\u00fablico<\/h2>\n<p>No documento enviado \u00e0 Suprema Corte, a defesa justifica que o cen\u00e1rio jur\u00eddico mudou completamente, uma vez que o Minist\u00e9rio P\u00fablico Federal (MPF) solicitou o trancamento da investiga\u00e7\u00e3o em rela\u00e7\u00e3o \u00e0 dupla em junho deste ano. De acordo com os defensores, o \u00f3rg\u00e3o ministerial apontou a aus\u00eancia de provas m\u00ednimas de autoria ou de dolo na conduta dos investigados.<\/p>\n<p>Em 2023, Max e Cordeiro chegaram a cumprir quatro meses de pris\u00e3o preventiva sob a suspeita de terem registros falsos de imuniza\u00e7\u00e3o inseridos em seus nomes. Contudo, ao requerer o arquivamento do caso, o MPF reconheceu a insufici\u00eancia de ind\u00edcios de criminalidade.<\/p>\n<h2>Impacto na equipe e pr\u00f3ximas etapas<\/h2>\n<p>O processo, que teve in\u00edcio no STF, foi remetido posteriormente para a Justi\u00e7a Federal do Rio de Janeiro, tramitando na 4\u00aa Vara Federal de S\u00e3o Jo\u00e3o de Meriti. Com o fim da investiga\u00e7\u00e3o, os representantes legais argumentam que n\u00e3o existem mais barreiras para o retorno dos servidores \u00e0s atividades de apoio.<\/p>\n<p>Atualmente, o ex-presidente cumpre pris\u00e3o domiciliar humanit\u00e1ria com restri\u00e7\u00f5es severas determinadas por Moraes, o que exige autoriza\u00e7\u00e3o judicial para qualquer altera\u00e7\u00e3o na lista de pessoas autorizadas a frequentar o local para prestar assist\u00eancia regular.<\/p>\n<p>Caso o ministro aprove a solicita\u00e7\u00e3o, o grupo de apoio de Bolsonaro passar\u00e1 a contar com seis integrantes, incluindo Cristiano Marques de Mesquita, Jossandro da Silva, Est\u00e1cio Leite da Silva Filho e Vladimir Alves Ferraz, al\u00e9m de Cordeiro e Max.<\/p>\n<p>Por Reda\u00e7\u00e3o Acontece<\/p>\n<p>Imagem: Divulga\u00e7\u00e3o \/ Ag\u00eancia Brasil<\/p>\n","protected":false},"excerpt":{"rendered":"<p>A defesa do ex-presidente Jair Bolsonaro apresentou um pedido formal ao ministro Alexandre de Moraes, do Supremo Tribunal Federal (STF), solicitando a reintegra\u00e7\u00e3o de dois ex-auxiliares que haviam sido afastados devido a investiga\u00e7\u00f5es sobre supostas fraudes em cart\u00f5es de vacina\u00e7\u00e3o contra a Covid-19. Retorno dos auxiliares \u00e0 resid\u00eancia oficial Os advogados buscam que S\u00e9rgio Rocha [&hellip;]<\/p>\n","protected":false},"author":0,"featured_media":32793,"comment_status":"open","ping_status":"open","sticky":false,"template":"","format":"standard","meta":{"footnotes":""},"categories":[28],"tags":[],"class_list":["post-32788","post","type-post","status-publish","format-standard","has-post-thumbnail","hentry","category-mundo"],"_links":{"self":[{"href":"https:\/\/acontecenafronteira.com.br\/index.php\/wp-json\/wp\/v2\/posts\/32788","targetHints":{"allow":["GET"]}}],"collection":[{"href":"https:\/\/acontecenafronteira.com.br\/index.php\/wp-json\/wp\/v2\/posts"}],"about":[{"href":"https:\/\/acontecenafronteira.com.br\/index.php\/wp-json\/wp\/v2\/types\/post"}],"replies":[{"embeddable":true,"href":"https:\/\/acontecenafronteira.com.br\/index.php\/wp-json\/wp\/v2\/comments?post=32788"}],"version-history":[{"count":1,"href":"https:\/\/acontecenafronteira.com.br\/index.php\/wp-json\/wp\/v2\/posts\/32788\/revisions"}],"predecessor-version":[{"id":32792,"href":"https:\/\/acontecenafronteira.com.br\/index.php\/wp-json\/wp\/v2\/posts\/32788\/revisions\/32792"}],"wp:featuredmedia":[{"embeddable":true,"href":"https:\/\/acontecenafronteira.com.br\/index.php\/wp-json\/wp\/v2\/media\/32793"}],"wp:attachment":[{"href":"https:\/\/acontecenafronteira.com.br\/index.php\/wp-json\/wp\/v2\/media?parent=32788"}],"wp:term":[{"taxonomy":"category","embeddable":true,"href":"https:\/\/acontecenafronteira.com.br\/index.php\/wp-json\/wp\/v2\/categories?post=32788"},{"taxonomy":"post_tag","embeddable":true,"href":"https:\/\/acontecenafronteira.com.br\/index.php\/wp-json\/wp\/v2\/tags?post=32788"}],"curies":[{"name":"wp","href":"https:\/\/api.w.org\/{rel}","templated":true}]}}