{"id":32773,"date":"2026-08-31T18:37:48","date_gmt":"2026-08-31T21:37:48","guid":{"rendered":"https:\/\/acontecenafronteira.com.br\/?p=32773"},"modified":"2026-08-31T18:37:48","modified_gmt":"2026-08-31T21:37:48","slug":"lula-faz-propaganda-de-shows-do-bts-no-brasil-e-cita-janja","status":"publish","type":"post","link":"https:\/\/acontecenafronteira.com.br\/index.php\/2026\/08\/31\/lula-faz-propaganda-de-shows-do-bts-no-brasil-e-cita-janja\/","title":{"rendered":"Lula faz propaganda de shows do BTS no Brasil e cita Janja"},"content":{"rendered":"<p>O presidente Luiz In\u00e1cio Lula da Silva revelou, nesta segunda-feira (31\/8), que a primeira-dama, Ros\u00e2ngela Lula da Silva, a Janja, tem o desejo de assistir \u00e0s apresenta\u00e7\u00f5es do grupo sul-coreano de K-pop BTS. A declara\u00e7\u00e3o foi feita durante uma cerim\u00f4nia oficial realizada no Pal\u00e1cio do Planalto.<\/p>\n<h2>Retorno do K-pop ao pa\u00eds<\/h2>\n<p>Ap\u00f3s um per\u00edodo de quase quatro anos de pausa nas atividades conjuntas, o famoso conjunto musical voltar\u00e1 a se apresentar em solo brasileiro. Est\u00e3o previstas tr\u00eas apresenta\u00e7\u00f5es na cidade de S\u00e3o Paulo, agendadas para os dias 28, 30 e 31 de outubro, no Est\u00e1dio do MorumBIS.<\/p>\n<p>Anteriormente, o grupo j\u00e1 realizou quatro turn\u00eas no Brasil, sendo a mais recente em 2019, quando atraiu um p\u00fablico superior a 80 mil pessoas no Allianz Parque com a turn\u00ea Love Yourself: Speak Yourself. No m\u00eas passado, Janja j\u00e1 havia indicado em suas redes sociais que ela e o mandat\u00e1rio receber\u00e3o os artistas durante a estadia no pa\u00eds.<\/p>\n<h2>Novas regras para grandes eventos<\/h2>\n<p>O an\u00fancio sobre os shows ocorreu no contexto da assinatura de dois decretos voltados para a regulamenta\u00e7\u00e3o de espet\u00e1culos culturais. Uma das medidas pro\u00edbe a revenda abusiva de bilhetes e combate o cambismo digital, enquanto a segunda obriga a oferta gratuita de \u00e1gua pot\u00e1vel em eventos com capacidade superior a mil pessoas.<\/p>\n<p>O chefe do Executivo definiu a san\u00e7\u00e3o das normas como uma medida democr\u00e1tica, destacando que a iniciativa surgiu a partir das reivindica\u00e7\u00f5es do p\u00fablico e de coletivos de f\u00e3s. Representantes de f\u00e3-clubes de diversos artistas internacionais, incluindo seguidores de K-pop e pop global, acompanharam a solenidade.<\/p>\n<p>Essas a\u00e7\u00f5es legislativas s\u00e3o interpretadas por analistas como uma estrat\u00e9gia de aproxima\u00e7\u00e3o com o eleitorado mais jovem, demografia que tem apresentado maior distanciamento da atual gest\u00e3o governamental.<\/p>\n<p>Por Reda\u00e7\u00e3o Acontece<\/p>\n<p>Imagem: Divulga\u00e7\u00e3o<\/p>\n","protected":false},"excerpt":{"rendered":"<p>O presidente Luiz In\u00e1cio Lula da Silva revelou, nesta segunda-feira (31\/8), que a primeira-dama, Ros\u00e2ngela Lula da Silva, a Janja, tem o desejo de assistir \u00e0s apresenta\u00e7\u00f5es do grupo sul-coreano de K-pop BTS. A declara\u00e7\u00e3o foi feita durante uma cerim\u00f4nia oficial realizada no Pal\u00e1cio do Planalto. Retorno do K-pop ao pa\u00eds Ap\u00f3s um per\u00edodo de [&hellip;]<\/p>\n","protected":false},"author":0,"featured_media":32779,"comment_status":"open","ping_status":"open","sticky":false,"template":"","format":"standard","meta":{"footnotes":""},"categories":[6],"tags":[],"class_list":["post-32773","post","type-post","status-publish","format-standard","has-post-thumbnail","hentry","category-mercosul"],"_links":{"self":[{"href":"https:\/\/acontecenafronteira.com.br\/index.php\/wp-json\/wp\/v2\/posts\/32773","targetHints":{"allow":["GET"]}}],"collection":[{"href":"https:\/\/acontecenafronteira.com.br\/index.php\/wp-json\/wp\/v2\/posts"}],"about":[{"href":"https:\/\/acontecenafronteira.com.br\/index.php\/wp-json\/wp\/v2\/types\/post"}],"replies":[{"embeddable":true,"href":"https:\/\/acontecenafronteira.com.br\/index.php\/wp-json\/wp\/v2\/comments?post=32773"}],"version-history":[{"count":1,"href":"https:\/\/acontecenafronteira.com.br\/index.php\/wp-json\/wp\/v2\/posts\/32773\/revisions"}],"predecessor-version":[{"id":32778,"href":"https:\/\/acontecenafronteira.com.br\/index.php\/wp-json\/wp\/v2\/posts\/32773\/revisions\/32778"}],"wp:featuredmedia":[{"embeddable":true,"href":"https:\/\/acontecenafronteira.com.br\/index.php\/wp-json\/wp\/v2\/media\/32779"}],"wp:attachment":[{"href":"https:\/\/acontecenafronteira.com.br\/index.php\/wp-json\/wp\/v2\/media?parent=32773"}],"wp:term":[{"taxonomy":"category","embeddable":true,"href":"https:\/\/acontecenafronteira.com.br\/index.php\/wp-json\/wp\/v2\/categories?post=32773"},{"taxonomy":"post_tag","embeddable":true,"href":"https:\/\/acontecenafronteira.com.br\/index.php\/wp-json\/wp\/v2\/tags?post=32773"}],"curies":[{"name":"wp","href":"https:\/\/api.w.org\/{rel}","templated":true}]}}