{"id":32772,"date":"2026-08-31T18:37:43","date_gmt":"2026-08-31T21:37:43","guid":{"rendered":"https:\/\/acontecenafronteira.com.br\/?p=32772"},"modified":"2026-08-31T18:37:43","modified_gmt":"2026-08-31T21:37:43","slug":"casamento-de-herdeiro-da-cimed-tem-show-de-ivete-sangalo-em-sp","status":"publish","type":"post","link":"https:\/\/acontecenafronteira.com.br\/index.php\/2026\/08\/31\/casamento-de-herdeiro-da-cimed-tem-show-de-ivete-sangalo-em-sp\/","title":{"rendered":"Casamento de herdeiro da Cimed tem show de Ivete Sangalo em SP"},"content":{"rendered":"<p>Ana Luiza Kadi e Pedro Felmanas, herdeiro da gigante farmac\u00eautica Cimed, celebraram a uni\u00e3o com uma festa luxuosa na mans\u00e3o da fam\u00edlia do noivo, localizada em S\u00e3o Paulo, reunindo centenas de convidados ilustres no \u00faltimo s\u00e1bado (29\/8).<\/p>\n<h2>A trajet\u00f3ria at\u00e9 o altar<\/h2>\n<p>O casal estava noivo desde maio de 2025. Antes do grande dia, a jornada rumo ao matrim\u00f4nio incluiu uma festa de noivado na Bahia, um ch\u00e1-bar exclusivo e um jantar especial dedicado aos padrinhos. A cerim\u00f4nia no civil ocorreu dias antes, em 15 de agosto.<\/p>\n<h2>Show de Ivete Sangalo e famosos na pista<\/h2>\n<p>O grande destaque da noite foi a apresenta\u00e7\u00e3o eletrizante de Ivete Sangalo, que transformou a celebra\u00e7\u00e3o em uma verdadeira micareta. A cantora baiana agitou a pista de dan\u00e7a enquanto abad\u00e1s eram distribu\u00eddos aos convidados.<\/p>\n<p>A lista de celebridades e personalidades presentes contou com nomes conhecidos, como Silvia Braz, L\u00edvia Nunes, Elisa Zarzur, Lucas Guedez, \u00c1lvaro e Rafa Uccman. Essa n\u00e3o foi a primeira vez que a artista baiana comandou uma festa da fam\u00edlia Felmanas, j\u00e1 que ela tamb\u00e9m cantou nas bodas de prata dos pais do noivo em 2023.<\/p>\n<h2>Decora\u00e7\u00e3o naturalista e card\u00e1pio criativo<\/h2>\n<p>A est\u00e9tica do evento apostou em uma linha naturalista, marcada por intensa vegeta\u00e7\u00e3o, arranjos florais em tons de vermelho, rosa e laranja, al\u00e9m de um sofisticado projeto de ilumina\u00e7\u00e3o.<\/p>\n<p>Na gastronomia, o destaque ficou por conta dos doces personalizados, sorvete de pipoca e uma inovadora apresenta\u00e7\u00e3o dos bem-casados, dispostos entre as ra\u00edzes de uma cenografia que imitava galhos de \u00e1rvores.<\/p>\n<h2>Tradi\u00e7\u00e3o e novos rumos na Cimed<\/h2>\n<p>O noivo, Pedro Felmanas, representa a terceira gera\u00e7\u00e3o da fam\u00edlia na gest\u00e3o da empresa. Formado em arquitetura, ele assumiu recentemente o cargo de diretor de Inova\u00e7\u00e3o e Branding da Cimed, consolidando sua trajet\u00f3ria tanto nos neg\u00f3cios quanto na vida pessoal.<\/p>\n<p>Por Reda\u00e7\u00e3o Acontece<\/p>\n<p>@karlacimed\/Reprodu\u00e7\u00e3o\/Instagram<\/p>\n","protected":false},"excerpt":{"rendered":"<p>Ana Luiza Kadi e Pedro Felmanas, herdeiro da gigante farmac\u00eautica Cimed, celebraram a uni\u00e3o com uma festa luxuosa na mans\u00e3o da fam\u00edlia do noivo, localizada em S\u00e3o Paulo, reunindo centenas de convidados ilustres no \u00faltimo s\u00e1bado (29\/8). A trajet\u00f3ria at\u00e9 o altar O casal estava noivo desde maio de 2025. Antes do grande dia, a [&hellip;]<\/p>\n","protected":false},"author":0,"featured_media":32777,"comment_status":"open","ping_status":"open","sticky":false,"template":"","format":"standard","meta":{"footnotes":""},"categories":[6],"tags":[],"class_list":["post-32772","post","type-post","status-publish","format-standard","has-post-thumbnail","hentry","category-mercosul"],"_links":{"self":[{"href":"https:\/\/acontecenafronteira.com.br\/index.php\/wp-json\/wp\/v2\/posts\/32772","targetHints":{"allow":["GET"]}}],"collection":[{"href":"https:\/\/acontecenafronteira.com.br\/index.php\/wp-json\/wp\/v2\/posts"}],"about":[{"href":"https:\/\/acontecenafronteira.com.br\/index.php\/wp-json\/wp\/v2\/types\/post"}],"replies":[{"embeddable":true,"href":"https:\/\/acontecenafronteira.com.br\/index.php\/wp-json\/wp\/v2\/comments?post=32772"}],"version-history":[{"count":1,"href":"https:\/\/acontecenafronteira.com.br\/index.php\/wp-json\/wp\/v2\/posts\/32772\/revisions"}],"predecessor-version":[{"id":32776,"href":"https:\/\/acontecenafronteira.com.br\/index.php\/wp-json\/wp\/v2\/posts\/32772\/revisions\/32776"}],"wp:featuredmedia":[{"embeddable":true,"href":"https:\/\/acontecenafronteira.com.br\/index.php\/wp-json\/wp\/v2\/media\/32777"}],"wp:attachment":[{"href":"https:\/\/acontecenafronteira.com.br\/index.php\/wp-json\/wp\/v2\/media?parent=32772"}],"wp:term":[{"taxonomy":"category","embeddable":true,"href":"https:\/\/acontecenafronteira.com.br\/index.php\/wp-json\/wp\/v2\/categories?post=32772"},{"taxonomy":"post_tag","embeddable":true,"href":"https:\/\/acontecenafronteira.com.br\/index.php\/wp-json\/wp\/v2\/tags?post=32772"}],"curies":[{"name":"wp","href":"https:\/\/api.w.org\/{rel}","templated":true}]}}