{"id":32763,"date":"2026-08-31T18:37:38","date_gmt":"2026-08-31T21:37:38","guid":{"rendered":"https:\/\/acontecenafronteira.com.br\/?p=32763"},"modified":"2026-08-31T18:37:38","modified_gmt":"2026-08-31T21:37:38","slug":"pec-da-seguranca-publica-acumula-48-emendas-no-senado","status":"publish","type":"post","link":"https:\/\/acontecenafronteira.com.br\/index.php\/2026\/08\/31\/pec-da-seguranca-publica-acumula-48-emendas-no-senado\/","title":{"rendered":"PEC da Seguran\u00e7a P\u00fablica acumula 48 emendas no Senado"},"content":{"rendered":"<p>O debate sobre a <strong>PEC da Seguran\u00e7a P\u00fablica<\/strong> ganhou novos contornos no Senado Federal ap\u00f3s a apresenta\u00e7\u00e3o de dezenas de propostas de altera\u00e7\u00e3o ao texto original que veio da C\u00e2mara dos Deputados.<\/p>\n<h2>Mudan\u00e7a de rumo na CCJ<\/h2>\n<p>O senador Rog\u00e9rio Carvalho (PT-SE), encarregado de relatar a mat\u00e9ria na Comiss\u00e3o de Constitui\u00e7\u00e3o e Justi\u00e7a, avalia agora uma postura diferente em rela\u00e7\u00e3o \u00e0 proposta em tramita\u00e7\u00e3o.<\/p>\n<p>Anteriormente, o parlamentar havia sinalizado que pretendia apresentar um parecer totalmente favor\u00e1vel ao texto nos moldes em que foi encaminhado pelos deputados, sem modifica\u00e7\u00f5es estruturais.<\/p>\n<h2>Volume de altera\u00e7\u00f5es<\/h2>\n<p>No entanto, o cen\u00e1rio mudou drasticamente com a mobiliza\u00e7\u00e3o dos parlamentares, resultando no registro de 48 emendas ao projeto original de seguran\u00e7a p\u00fablica.<\/p>\n<p>Esse alto volume de sugest\u00f5es de mudan\u00e7a obriga a relatoria a reavaliar os passos seguintes e analisar o impacto das propostas apresentadas para o sistema nacional.<\/p>\n<p>A discuss\u00e3o em torno das novas regras reflete a complexidade do tema e a busca por um consenso legislativo antes da vota\u00e7\u00e3o oficial na comiss\u00e3o.<\/p>\n<p>Por Reda\u00e7\u00e3o Acontece<\/p>\n<p>Cr\u00e9ditos da imagem: Ag\u00eancia Senado<\/p>\n","protected":false},"excerpt":{"rendered":"<p>O debate sobre a PEC da Seguran\u00e7a P\u00fablica ganhou novos contornos no Senado Federal ap\u00f3s a apresenta\u00e7\u00e3o de dezenas de propostas de altera\u00e7\u00e3o ao texto original que veio da C\u00e2mara dos Deputados. Mudan\u00e7a de rumo na CCJ O senador Rog\u00e9rio Carvalho (PT-SE), encarregado de relatar a mat\u00e9ria na Comiss\u00e3o de Constitui\u00e7\u00e3o e Justi\u00e7a, avalia agora [&hellip;]<\/p>\n","protected":false},"author":0,"featured_media":32771,"comment_status":"open","ping_status":"open","sticky":false,"template":"","format":"standard","meta":{"footnotes":""},"categories":[28],"tags":[],"class_list":["post-32763","post","type-post","status-publish","format-standard","has-post-thumbnail","hentry","category-mundo"],"_links":{"self":[{"href":"https:\/\/acontecenafronteira.com.br\/index.php\/wp-json\/wp\/v2\/posts\/32763","targetHints":{"allow":["GET"]}}],"collection":[{"href":"https:\/\/acontecenafronteira.com.br\/index.php\/wp-json\/wp\/v2\/posts"}],"about":[{"href":"https:\/\/acontecenafronteira.com.br\/index.php\/wp-json\/wp\/v2\/types\/post"}],"replies":[{"embeddable":true,"href":"https:\/\/acontecenafronteira.com.br\/index.php\/wp-json\/wp\/v2\/comments?post=32763"}],"version-history":[{"count":1,"href":"https:\/\/acontecenafronteira.com.br\/index.php\/wp-json\/wp\/v2\/posts\/32763\/revisions"}],"predecessor-version":[{"id":32770,"href":"https:\/\/acontecenafronteira.com.br\/index.php\/wp-json\/wp\/v2\/posts\/32763\/revisions\/32770"}],"wp:featuredmedia":[{"embeddable":true,"href":"https:\/\/acontecenafronteira.com.br\/index.php\/wp-json\/wp\/v2\/media\/32771"}],"wp:attachment":[{"href":"https:\/\/acontecenafronteira.com.br\/index.php\/wp-json\/wp\/v2\/media?parent=32763"}],"wp:term":[{"taxonomy":"category","embeddable":true,"href":"https:\/\/acontecenafronteira.com.br\/index.php\/wp-json\/wp\/v2\/categories?post=32763"},{"taxonomy":"post_tag","embeddable":true,"href":"https:\/\/acontecenafronteira.com.br\/index.php\/wp-json\/wp\/v2\/tags?post=32763"}],"curies":[{"name":"wp","href":"https:\/\/api.w.org\/{rel}","templated":true}]}}