{"id":32762,"date":"2026-08-31T18:37:34","date_gmt":"2026-08-31T21:37:34","guid":{"rendered":"https:\/\/acontecenafronteira.com.br\/?p=32762"},"modified":"2026-08-31T18:37:34","modified_gmt":"2026-08-31T21:37:34","slug":"tempestade-de-granizo-gigante-causa-destruicao-na-italia","status":"publish","type":"post","link":"https:\/\/acontecenafronteira.com.br\/index.php\/2026\/08\/31\/tempestade-de-granizo-gigante-causa-destruicao-na-italia\/","title":{"rendered":"Tempestade de granizo gigante causa destrui\u00e7\u00e3o na It\u00e1lia"},"content":{"rendered":"<p>Uma tempestade severa acompanhada de ventos furiosos e pedras de <strong>granizo gigante<\/strong> atingiu o norte da It\u00e1lia na \u00faltima sexta-feira, deixando um rastro impressionante de destrui\u00e7\u00e3o e dezenas de feridos.<\/p>\n<h2>Estragos severos na regi\u00e3o da Lombardia<\/h2>\n<p>A cidade de Cremona foi uma das mais castigadas pelo temporal. Pelo menos 43 pessoas sofreram ferimentos e cerca de 10 mil ve\u00edculos foram danificados pelas pedras de gelo, que alcan\u00e7aram dimens\u00f5es compar\u00e1veis \u00e0s de <strong>bolas de t\u00eanis<\/strong>. Al\u00e9m disso, dezenas de constru\u00e7\u00f5es tiveram janelas e telhados estra\u00e7alhados.<\/p>\n<p>O fen\u00f4meno extremo derrubou milhares de \u00e1rvores e for\u00e7ou a evacua\u00e7\u00e3o de 12 fam\u00edlias ap\u00f3s um edif\u00edcio ser decretado inabit\u00e1vel. O patrim\u00f4nio hist\u00f3rico tamb\u00e9m n\u00e3o escapou: ao menos dez igrejas sofreram avarias, incluindo a famosa Catedral de Cremona, que teve parte de sua torre danificada e o vidro do roset\u00e3o estilha\u00e7ado, al\u00e9m de impactos na hist\u00f3rica Torre Civica.<\/p>\n<h2>Impacto em outras prov\u00edncias e pedido de emerg\u00eancia<\/h2>\n<p>Outras localidades da Lombardia, como Mantova, Bergamo, Pavia e Brescia, tamb\u00e9m registraram estragos significativos. Em Pavia, uma \u00e1rvore monumental de aproximadamente 35 metros de altura desabou. A magnitude da cat\u00e1strofe fez com que lideran\u00e7as locais solicitassem ao governo nacional a extens\u00e3o do <strong>estado de emerg\u00eancia<\/strong>.<\/p>\n<p>Diante da gravidade da situa\u00e7\u00e3o, o presidente Sergio Mattarella telefonou para o prefeito de Cremona para prestar solidariedade, enquanto a primeira-ministra Giorgia Meloni passou a monitorar diretamente as a\u00e7\u00f5es de socorro e resgate.<\/p>\n<h2>Opera\u00e7\u00f5es de limpeza e reflexos na Su\u00ed\u00e7a e Fran\u00e7a<\/h2>\n<p>As equipes de resgate contabilizaram centenas de chamados para desobstru\u00e7\u00e3o de vias e reparos urgentes. Cinquenta moradores precisaram deixar suas resid\u00eancias e quatro feridos permaneceram hospitalizados.<\/p>\n<p>O temporal n\u00e3o se limitou ao territ\u00f3rio italiano. Na Su\u00ed\u00e7a, cerca de 40 pessoas, a maioria crian\u00e7as, precisaram de atendimento m\u00e9dico ap\u00f3s serem atingidas por <strong>granizo<\/strong> do tamanho de bolas de golfe durante o recreio escolar em Zurique e Winterthur. O aeroporto de Zurique cancelou dezenas de voos. Simultaneamente, na Fran\u00e7a, ventos fortes e pedras de gelo do tamanho de ameixas quebraram janelas de trens, carros e ve\u00edculos na rodovia A36.<\/p>\n<p>Por Reda\u00e7\u00e3o Acontece<\/p>\n<p>Reprodu\u00e7\u00e3o | X<\/p>\n","protected":false},"excerpt":{"rendered":"<p>Uma tempestade severa acompanhada de ventos furiosos e pedras de granizo gigante atingiu o norte da It\u00e1lia na \u00faltima sexta-feira, deixando um rastro impressionante de destrui\u00e7\u00e3o e dezenas de feridos. Estragos severos na regi\u00e3o da Lombardia A cidade de Cremona foi uma das mais castigadas pelo temporal. Pelo menos 43 pessoas sofreram ferimentos e cerca [&hellip;]<\/p>\n","protected":false},"author":0,"featured_media":32769,"comment_status":"open","ping_status":"open","sticky":false,"template":"","format":"standard","meta":{"footnotes":""},"categories":[28],"tags":[],"class_list":["post-32762","post","type-post","status-publish","format-standard","has-post-thumbnail","hentry","category-mundo"],"_links":{"self":[{"href":"https:\/\/acontecenafronteira.com.br\/index.php\/wp-json\/wp\/v2\/posts\/32762","targetHints":{"allow":["GET"]}}],"collection":[{"href":"https:\/\/acontecenafronteira.com.br\/index.php\/wp-json\/wp\/v2\/posts"}],"about":[{"href":"https:\/\/acontecenafronteira.com.br\/index.php\/wp-json\/wp\/v2\/types\/post"}],"replies":[{"embeddable":true,"href":"https:\/\/acontecenafronteira.com.br\/index.php\/wp-json\/wp\/v2\/comments?post=32762"}],"version-history":[{"count":1,"href":"https:\/\/acontecenafronteira.com.br\/index.php\/wp-json\/wp\/v2\/posts\/32762\/revisions"}],"predecessor-version":[{"id":32768,"href":"https:\/\/acontecenafronteira.com.br\/index.php\/wp-json\/wp\/v2\/posts\/32762\/revisions\/32768"}],"wp:featuredmedia":[{"embeddable":true,"href":"https:\/\/acontecenafronteira.com.br\/index.php\/wp-json\/wp\/v2\/media\/32769"}],"wp:attachment":[{"href":"https:\/\/acontecenafronteira.com.br\/index.php\/wp-json\/wp\/v2\/media?parent=32762"}],"wp:term":[{"taxonomy":"category","embeddable":true,"href":"https:\/\/acontecenafronteira.com.br\/index.php\/wp-json\/wp\/v2\/categories?post=32762"},{"taxonomy":"post_tag","embeddable":true,"href":"https:\/\/acontecenafronteira.com.br\/index.php\/wp-json\/wp\/v2\/tags?post=32762"}],"curies":[{"name":"wp","href":"https:\/\/api.w.org\/{rel}","templated":true}]}}