{"id":32760,"date":"2026-08-31T18:37:18","date_gmt":"2026-08-31T21:37:18","guid":{"rendered":"https:\/\/acontecenafronteira.com.br\/?p=32760"},"modified":"2026-08-31T18:37:18","modified_gmt":"2026-08-31T21:37:18","slug":"joaquin-freitas-no-flamengo-divergencia-em-valores","status":"publish","type":"post","link":"https:\/\/acontecenafronteira.com.br\/index.php\/2026\/08\/31\/joaquin-freitas-no-flamengo-divergencia-em-valores\/","title":{"rendered":"Joaqu\u00edn Freitas no Flamengo: diverg\u00eancia em valores"},"content":{"rendered":"<p>O atacante Joaqu\u00edn Freitas desembarcou no Rio de Janeiro para realizar exames m\u00e9dicos e assinar com o Flamengo, com an\u00fancio oficial esperado para esta ter\u00e7a-feira. A transfer\u00eancia do jovem de 19 anos, adquirido junto ao River Plate, envolveu tratativas complexas devido a uma diverg\u00eancia nos valores divulgados pelas partes envolvidas.<\/p>\n<h2>Diferen\u00e7a nos n\u00fameros da negocia\u00e7\u00e3o<\/h2>\n<p>Enquanto a imprensa argentina aponta que a opera\u00e7\u00e3o pode alcan\u00e7ar at\u00e9 17 milh\u00f5es de d\u00f3lares, aproximadamente R$ 90 milh\u00f5es, a diretoria rubro-negra trabalha com uma estimativa financeira consideravelmente menor para o custo fixo do atleta.<\/p>\n<h2>Metas contratuais explicam a dist\u00e2ncia<\/h2>\n<p>O clube carioca fechou a aquisi\u00e7\u00e3o estipulando bonifica\u00e7\u00f5es por objetivos esportivos que considera quase imposs\u00edveis de serem atingidas ao longo do v\u00ednculo de cinco anos. Na vis\u00e3o interna do time brasileiro, o desembolso real garantido \u00e9 de 8 milh\u00f5es de euros, cerca de R$ 40 milh\u00f5es, dilu\u00eddos em um per\u00edodo de tr\u00eas anos.<\/p>\n<h2>Impacto nos tr\u00e2mites finais<\/h2>\n<p>Essa diferen\u00e7a de perspectiva sobre os montantes acabou estendendo o tempo necess\u00e1rio para sacramentar todos os detalhes burocr\u00e1ticos entre as institui\u00e7\u00f5es sul-americanas. Por conta disso, o atleta chegou \u00e0 capital fluminense antes da conclus\u00e3o definitiva dos pap\u00e9is, programando os exames m\u00e9dicos estritamente para esta ter\u00e7a-feira.<\/p>\n<p>Por Reda\u00e7\u00e3o Acontece<\/p>\n<p>Cr\u00e9ditos da imagem: Divulga\u00e7\u00e3o\/Flamengo<\/p>\n","protected":false},"excerpt":{"rendered":"<p>O atacante Joaqu\u00edn Freitas desembarcou no Rio de Janeiro para realizar exames m\u00e9dicos e assinar com o Flamengo, com an\u00fancio oficial esperado para esta ter\u00e7a-feira. A transfer\u00eancia do jovem de 19 anos, adquirido junto ao River Plate, envolveu tratativas complexas devido a uma diverg\u00eancia nos valores divulgados pelas partes envolvidas. Diferen\u00e7a nos n\u00fameros da negocia\u00e7\u00e3o [&hellip;]<\/p>\n","protected":false},"author":0,"featured_media":32765,"comment_status":"open","ping_status":"open","sticky":false,"template":"","format":"standard","meta":{"footnotes":""},"categories":[28],"tags":[],"class_list":["post-32760","post","type-post","status-publish","format-standard","has-post-thumbnail","hentry","category-mundo"],"_links":{"self":[{"href":"https:\/\/acontecenafronteira.com.br\/index.php\/wp-json\/wp\/v2\/posts\/32760","targetHints":{"allow":["GET"]}}],"collection":[{"href":"https:\/\/acontecenafronteira.com.br\/index.php\/wp-json\/wp\/v2\/posts"}],"about":[{"href":"https:\/\/acontecenafronteira.com.br\/index.php\/wp-json\/wp\/v2\/types\/post"}],"replies":[{"embeddable":true,"href":"https:\/\/acontecenafronteira.com.br\/index.php\/wp-json\/wp\/v2\/comments?post=32760"}],"version-history":[{"count":1,"href":"https:\/\/acontecenafronteira.com.br\/index.php\/wp-json\/wp\/v2\/posts\/32760\/revisions"}],"predecessor-version":[{"id":32764,"href":"https:\/\/acontecenafronteira.com.br\/index.php\/wp-json\/wp\/v2\/posts\/32760\/revisions\/32764"}],"wp:featuredmedia":[{"embeddable":true,"href":"https:\/\/acontecenafronteira.com.br\/index.php\/wp-json\/wp\/v2\/media\/32765"}],"wp:attachment":[{"href":"https:\/\/acontecenafronteira.com.br\/index.php\/wp-json\/wp\/v2\/media?parent=32760"}],"wp:term":[{"taxonomy":"category","embeddable":true,"href":"https:\/\/acontecenafronteira.com.br\/index.php\/wp-json\/wp\/v2\/categories?post=32760"},{"taxonomy":"post_tag","embeddable":true,"href":"https:\/\/acontecenafronteira.com.br\/index.php\/wp-json\/wp\/v2\/tags?post=32760"}],"curies":[{"name":"wp","href":"https:\/\/api.w.org\/{rel}","templated":true}]}}