{"id":32753,"date":"2026-08-31T18:37:11","date_gmt":"2026-08-31T21:37:11","guid":{"rendered":"https:\/\/acontecenafronteira.com.br\/?p=32753"},"modified":"2026-08-31T18:37:11","modified_gmt":"2026-08-31T21:37:11","slug":"sandro-alex-defende-governo-e-aponta-1-800-km-de-duplicacoes","status":"publish","type":"post","link":"https:\/\/acontecenafronteira.com.br\/index.php\/2026\/08\/31\/sandro-alex-defende-governo-e-aponta-1-800-km-de-duplicacoes\/","title":{"rendered":"Sandro Alex defende governo e aponta 1.800 km de duplica\u00e7\u00f5es"},"content":{"rendered":"<p>Durante sabatina realizada pela R\u00e1dio Jovem Pan News em 19 de agosto, Sandro Alex defendeu a manuten\u00e7\u00e3o da gest\u00e3o de Ratinho Junior no Paran\u00e1 e ressaltou a marca de 1.800 quil\u00f4metros de rodovias duplicadas ou em fase de duplica\u00e7\u00e3o no estado.<\/p>\n<h2>O ritmo das obras rodovi\u00e1rias no estado<\/h2>\n<p>Apesar do volume expressivo de quil\u00f4metros anunciado pelo candidato, motoristas e moradores que trafegam pelas estradas paranaenses observam que diversos trechos ainda est\u00e3o distantes da conclus\u00e3o total, gerando debates sobre o cronograma dos projetos de infraestrutura.<\/p>\n<h2>Propostas para o futuro da gest\u00e3o<\/h2>\n<p>Outro aspecto relevante abordado no evento foi a proje\u00e7\u00e3o de continuidade para os pr\u00f3ximos anos, com foco em destravar gargalos log\u00edsticos e acelerar entregas pendentes em diferentes regi\u00f5es do territ\u00f3rio paranaense.<\/p>\n<p>A infraestrutura vi\u00e1ria segue como um dos pilares centrais do debate pol\u00edtico local, atraindo aten\u00e7\u00e3o tanto de eleitores quanto de setores produtivos preocupados com o escoamento de safras e mercadorias.<\/p>\n<p>A discuss\u00e3o sobre o balan\u00e7o de entregas e os prazos de conclus\u00e3o deve continuar ditando o tom da corrida eleitoral no estado ao longo das pr\u00f3ximas semanas.<\/p>\n<p>Por Reda\u00e7\u00e3o Acontece<\/p>\n<p>Cr\u00e9ditos da imagem: Divulga\u00e7\u00e3o\/Jovem Pan News<\/p>\n","protected":false},"excerpt":{"rendered":"<p>Durante sabatina realizada pela R\u00e1dio Jovem Pan News em 19 de agosto, Sandro Alex defendeu a manuten\u00e7\u00e3o da gest\u00e3o de Ratinho Junior no Paran\u00e1 e ressaltou a marca de 1.800 quil\u00f4metros de rodovias duplicadas ou em fase de duplica\u00e7\u00e3o no estado. O ritmo das obras rodovi\u00e1rias no estado Apesar do volume expressivo de quil\u00f4metros anunciado [&hellip;]<\/p>\n","protected":false},"author":0,"featured_media":32759,"comment_status":"open","ping_status":"open","sticky":false,"template":"","format":"standard","meta":{"footnotes":""},"categories":[18],"tags":[],"class_list":["post-32753","post","type-post","status-publish","format-standard","has-post-thumbnail","hentry","category-parana"],"_links":{"self":[{"href":"https:\/\/acontecenafronteira.com.br\/index.php\/wp-json\/wp\/v2\/posts\/32753","targetHints":{"allow":["GET"]}}],"collection":[{"href":"https:\/\/acontecenafronteira.com.br\/index.php\/wp-json\/wp\/v2\/posts"}],"about":[{"href":"https:\/\/acontecenafronteira.com.br\/index.php\/wp-json\/wp\/v2\/types\/post"}],"replies":[{"embeddable":true,"href":"https:\/\/acontecenafronteira.com.br\/index.php\/wp-json\/wp\/v2\/comments?post=32753"}],"version-history":[{"count":1,"href":"https:\/\/acontecenafronteira.com.br\/index.php\/wp-json\/wp\/v2\/posts\/32753\/revisions"}],"predecessor-version":[{"id":32758,"href":"https:\/\/acontecenafronteira.com.br\/index.php\/wp-json\/wp\/v2\/posts\/32753\/revisions\/32758"}],"wp:featuredmedia":[{"embeddable":true,"href":"https:\/\/acontecenafronteira.com.br\/index.php\/wp-json\/wp\/v2\/media\/32759"}],"wp:attachment":[{"href":"https:\/\/acontecenafronteira.com.br\/index.php\/wp-json\/wp\/v2\/media?parent=32753"}],"wp:term":[{"taxonomy":"category","embeddable":true,"href":"https:\/\/acontecenafronteira.com.br\/index.php\/wp-json\/wp\/v2\/categories?post=32753"},{"taxonomy":"post_tag","embeddable":true,"href":"https:\/\/acontecenafronteira.com.br\/index.php\/wp-json\/wp\/v2\/tags?post=32753"}],"curies":[{"name":"wp","href":"https:\/\/api.w.org\/{rel}","templated":true}]}}