{"id":32751,"date":"2026-08-31T18:37:05","date_gmt":"2026-08-31T21:37:05","guid":{"rendered":"https:\/\/acontecenafronteira.com.br\/?p=32751"},"modified":"2026-08-31T18:37:05","modified_gmt":"2026-08-31T21:37:05","slug":"messi-anuncia-aposentadoria-da-selecao-argentina","status":"publish","type":"post","link":"https:\/\/acontecenafronteira.com.br\/index.php\/2026\/08\/31\/messi-anuncia-aposentadoria-da-selecao-argentina\/","title":{"rendered":"Messi anuncia aposentadoria da sele\u00e7\u00e3o argentina"},"content":{"rendered":"<p>O craque Lionel Messi surpreendeu o mundo esportivo ao confirmar que encerrou de vez a sua trajet\u00f3ria vestindo a camisa da sele\u00e7\u00e3o principal da Argentina, marcando o fim de uma era marcante no futebol internacional.<\/p>\n<h2>A decis\u00e3o do camisa dez<\/h2>\n<p>O an\u00fancio pegou torcedores e especialistas de surpresa, apesar das especula\u00e7\u00f5es que j\u00e1 rondavam os bastidores ap\u00f3s as recentes competi\u00e7\u00f5es disputadas pelo atleta com a equipe nacional.<\/p>\n<h3>O peso da camisa albiceleste<\/h3>\n<p>Ao longo de duas d\u00e9cadas, o jogador acumulou recordes hist\u00f3ricos, marcas impressionantes e levantou trof\u00e9us importantes que eternizaram seu nome na hist\u00f3ria do esporte sul-americano.<\/p>\n<p>A repercuss\u00e3o da not\u00edcia foi imediata em todo o planeta, mobilizando f\u00e3s, ex-jogadores e dirigentes que prestaram homenagens ao legado constru\u00eddo pelo atleta nos gramados internacionais.<\/p>\n<p>O impacto da sa\u00edda do capit\u00e3o abre um novo cap\u00edtulo para a renova\u00e7\u00e3o da equipe, que agora precisar\u00e1 encontrar novos lideres para os pr\u00f3ximos ciclos de torneios continentais e mundiais.<\/p>\n<p>A despedida coroa uma trajet\u00f3ria brilhante repleta de supera\u00e7\u00f5es, culminando no momento mais alto da carreira do atleta pela p\u00e1tria que defendeu desde as categorias de base.<\/p>\n<p>Por Reda\u00e7\u00e3o Acontece<\/p>\n<p>Cr\u00e9ditos da imagem: Reprodu\u00e7\u00e3o \/ Redes Sociais<\/p>\n","protected":false},"excerpt":{"rendered":"<p>O craque Lionel Messi surpreendeu o mundo esportivo ao confirmar que encerrou de vez a sua trajet\u00f3ria vestindo a camisa da sele\u00e7\u00e3o principal da Argentina, marcando o fim de uma era marcante no futebol internacional. A decis\u00e3o do camisa dez O an\u00fancio pegou torcedores e especialistas de surpresa, apesar das especula\u00e7\u00f5es que j\u00e1 rondavam os [&hellip;]<\/p>\n","protected":false},"author":0,"featured_media":32755,"comment_status":"open","ping_status":"open","sticky":false,"template":"","format":"standard","meta":{"footnotes":""},"categories":[18],"tags":[],"class_list":["post-32751","post","type-post","status-publish","format-standard","has-post-thumbnail","hentry","category-parana"],"_links":{"self":[{"href":"https:\/\/acontecenafronteira.com.br\/index.php\/wp-json\/wp\/v2\/posts\/32751","targetHints":{"allow":["GET"]}}],"collection":[{"href":"https:\/\/acontecenafronteira.com.br\/index.php\/wp-json\/wp\/v2\/posts"}],"about":[{"href":"https:\/\/acontecenafronteira.com.br\/index.php\/wp-json\/wp\/v2\/types\/post"}],"replies":[{"embeddable":true,"href":"https:\/\/acontecenafronteira.com.br\/index.php\/wp-json\/wp\/v2\/comments?post=32751"}],"version-history":[{"count":1,"href":"https:\/\/acontecenafronteira.com.br\/index.php\/wp-json\/wp\/v2\/posts\/32751\/revisions"}],"predecessor-version":[{"id":32754,"href":"https:\/\/acontecenafronteira.com.br\/index.php\/wp-json\/wp\/v2\/posts\/32751\/revisions\/32754"}],"wp:featuredmedia":[{"embeddable":true,"href":"https:\/\/acontecenafronteira.com.br\/index.php\/wp-json\/wp\/v2\/media\/32755"}],"wp:attachment":[{"href":"https:\/\/acontecenafronteira.com.br\/index.php\/wp-json\/wp\/v2\/media?parent=32751"}],"wp:term":[{"taxonomy":"category","embeddable":true,"href":"https:\/\/acontecenafronteira.com.br\/index.php\/wp-json\/wp\/v2\/categories?post=32751"},{"taxonomy":"post_tag","embeddable":true,"href":"https:\/\/acontecenafronteira.com.br\/index.php\/wp-json\/wp\/v2\/tags?post=32751"}],"curies":[{"name":"wp","href":"https:\/\/api.w.org\/{rel}","templated":true}]}}