{"id":32730,"date":"2026-08-31T17:37:30","date_gmt":"2026-08-31T20:37:30","guid":{"rendered":"https:\/\/acontecenafronteira.com.br\/?p=32730"},"modified":"2026-08-31T17:37:30","modified_gmt":"2026-08-31T20:37:30","slug":"renan-santos-chama-decisao-de-toffoli-no-tse-de-bizarra","status":"publish","type":"post","link":"https:\/\/acontecenafronteira.com.br\/index.php\/2026\/08\/31\/renan-santos-chama-decisao-de-toffoli-no-tse-de-bizarra\/","title":{"rendered":"Renan Santos chama decis\u00e3o de Toffoli no TSE de bizarra"},"content":{"rendered":"<p>O candidato \u00e0 Presid\u00eancia pelo movimento Miss\u00e3o, Renan Santos, classificou nesta segunda-feira (31\/8) como um <strong>&#8220;momento bizarro da democracia&#8221;<\/strong> as recentes restri\u00e7\u00f5es impostas \u00e0 sua campanha eleitoral por determina\u00e7\u00e3o da Justi\u00e7a.<\/p>\n<h2>Cr\u00edticas ao TSE<\/h2>\n<p>Em entrevista coletiva realizada nesta tarde, o pol\u00edtico rebateu duramente a medida adotada pelo ministro Dias Toffoli, do Tribunal Superior Eleitoral (TSE). Para ele, o veto representa uma <strong>decis\u00e3o monocr\u00e1tica absurda<\/strong> que prejudica a lisura do pleito e interfere diretamente na disputa presidencial.<\/p>\n<p>As restri\u00e7\u00f5es anunciadas pela corte eleitoral geraram forte repercuss\u00e3o entre os apoiadores da candidatura, levantando debates sobre a atua\u00e7\u00e3o do judici\u00e1rio no processo pol\u00edtico nacional e os limites das interven\u00e7\u00f5es em campanhas.<\/p>\n<p>A equipe jur\u00eddica do candidato j\u00e1 avalia quais medidas cab\u00edveis ser\u00e3o tomadas para tentar reverter a determina\u00e7\u00e3o do ministro e normalizar as atividades de propaganda eleitoral do grupo pol\u00edtico.<\/p>\n<p>Por Reda\u00e7\u00e3o Acontece<\/p>\n<p>Foto: Divulga\u00e7\u00e3o\/TSE<\/p>\n","protected":false},"excerpt":{"rendered":"<p>O candidato \u00e0 Presid\u00eancia pelo movimento Miss\u00e3o, Renan Santos, classificou nesta segunda-feira (31\/8) como um &#8220;momento bizarro da democracia&#8221; as recentes restri\u00e7\u00f5es impostas \u00e0 sua campanha eleitoral por determina\u00e7\u00e3o da Justi\u00e7a. Cr\u00edticas ao TSE Em entrevista coletiva realizada nesta tarde, o pol\u00edtico rebateu duramente a medida adotada pelo ministro Dias Toffoli, do Tribunal Superior Eleitoral [&hellip;]<\/p>\n","protected":false},"author":0,"featured_media":32736,"comment_status":"open","ping_status":"open","sticky":false,"template":"","format":"standard","meta":{"footnotes":""},"categories":[6],"tags":[],"class_list":["post-32730","post","type-post","status-publish","format-standard","has-post-thumbnail","hentry","category-mercosul"],"_links":{"self":[{"href":"https:\/\/acontecenafronteira.com.br\/index.php\/wp-json\/wp\/v2\/posts\/32730","targetHints":{"allow":["GET"]}}],"collection":[{"href":"https:\/\/acontecenafronteira.com.br\/index.php\/wp-json\/wp\/v2\/posts"}],"about":[{"href":"https:\/\/acontecenafronteira.com.br\/index.php\/wp-json\/wp\/v2\/types\/post"}],"replies":[{"embeddable":true,"href":"https:\/\/acontecenafronteira.com.br\/index.php\/wp-json\/wp\/v2\/comments?post=32730"}],"version-history":[{"count":1,"href":"https:\/\/acontecenafronteira.com.br\/index.php\/wp-json\/wp\/v2\/posts\/32730\/revisions"}],"predecessor-version":[{"id":32735,"href":"https:\/\/acontecenafronteira.com.br\/index.php\/wp-json\/wp\/v2\/posts\/32730\/revisions\/32735"}],"wp:featuredmedia":[{"embeddable":true,"href":"https:\/\/acontecenafronteira.com.br\/index.php\/wp-json\/wp\/v2\/media\/32736"}],"wp:attachment":[{"href":"https:\/\/acontecenafronteira.com.br\/index.php\/wp-json\/wp\/v2\/media?parent=32730"}],"wp:term":[{"taxonomy":"category","embeddable":true,"href":"https:\/\/acontecenafronteira.com.br\/index.php\/wp-json\/wp\/v2\/categories?post=32730"},{"taxonomy":"post_tag","embeddable":true,"href":"https:\/\/acontecenafronteira.com.br\/index.php\/wp-json\/wp\/v2\/tags?post=32730"}],"curies":[{"name":"wp","href":"https:\/\/api.w.org\/{rel}","templated":true}]}}