{"id":32729,"date":"2026-08-31T17:37:27","date_gmt":"2026-08-31T20:37:27","guid":{"rendered":"https:\/\/acontecenafronteira.com.br\/?p=32729"},"modified":"2026-08-31T17:37:27","modified_gmt":"2026-08-31T20:37:27","slug":"ladrao-invade-cafeteria-com-cabecadas-e-acaba-preso-na-argentina","status":"publish","type":"post","link":"https:\/\/acontecenafronteira.com.br\/index.php\/2026\/08\/31\/ladrao-invade-cafeteria-com-cabecadas-e-acaba-preso-na-argentina\/","title":{"rendered":"Ladr\u00e3o invade cafeteria com cabe\u00e7adas e acaba preso na Argentina"},"content":{"rendered":"<p>Um criminoso protagonizou uma invas\u00e3o inusitada ao utilizar a pr\u00f3pria cabe\u00e7a e o corpo para destruir a porta de vidro de uma cafeteria rec\u00e9m-inaugurada em Buenos Aires, na Argentina, na \u00faltima sexta-feira (28\/8), antes das 5h da manh\u00e3.<\/p>\n<h2>A din\u00e2mica do furto no Cucu Caf\u00e9<\/h2>\n<p>O estabelecimento afetado foi o Cucu Caf\u00e9, localizado no bairro de Villa Devoto, que havia aberto as portas h\u00e1 pouco mais de um m\u00eas. Nas imagens capturadas pelo circuito interno de seguran\u00e7a, \u00e9 poss\u00edvel ver o indiv\u00edduo vestindo roupas pretas e com a cabe\u00e7a coberta.<\/p>\n<p>Primeiramente, ele atira uma pedra contra a vidra\u00e7aria para enfraquecer a estrutura. Em seguida, passa a golpear o local repetidamente com o corpo e a cabe\u00e7a at\u00e9 conseguir abrir espa\u00e7o suficiente para rastejar para o interior do com\u00e9rcio.<\/p>\n<h2>Preju\u00edzo e revolta dos propriet\u00e1rios<\/h2>\n<p>A a\u00e7\u00e3o durou menos de um minuto. O invasor caminhou diretamente at\u00e9 o balc\u00e3o, arrancou a caixa registradora contendo o dinheiro e fugiu pelo mesmo buraco na fachada. Valent\u00edn \u00c1lvarez, propriet\u00e1rio do local, lamentou a viol\u00eancia e o vandalismo sofrido pelo neg\u00f3cio rec\u00e9m-criado.<\/p>\n<p>Segundo o empres\u00e1rio, o montante levado era apenas o troco deixado para o dia seguinte. Ele destacou a revolta com a destrui\u00e7\u00e3o desnecess\u00e1ria do patrim\u00f4nio familiar e questionou a sanidade do autor da invas\u00e3o diante da viol\u00eancia do ato.<\/p>\n<h2>Pris\u00e3o e extensa ficha criminal<\/h2>\n<p>A fuga do criminoso durou pouco tempo, pois ele tentou invadir outros im\u00f3veis na regi\u00e3o, incluindo uma livraria e duas resid\u00eancias vizinhas. Com a chegada das autoridades, o suspeito abandonou o local correndo e buscou ref\u00fagio no interior de uma padaria, onde implorou aos clientes presentes que omitissem seu paradeiro.<\/p>\n<p>Apesar da tentativa de oculta\u00e7\u00e3o, os policiais adentraram o estabelecimento e efetuaram a pris\u00e3o ap\u00f3s encontrar resist\u00eancia. Registros apontam que o homem acumula pelo menos 18 passagens policiais, respondendo por crimes como furtos qualificados, roubos, amea\u00e7as, les\u00f5es corporais, viol\u00eancia dom\u00e9stica e porte de arma.<\/p>\n<p>Por Reda\u00e7\u00e3o Acontece<\/p>\n<p>Foto: Reprodu\u00e7\u00e3o \/ C\u00e2meras de seguran\u00e7a<\/p>\n","protected":false},"excerpt":{"rendered":"<p>Um criminoso protagonizou uma invas\u00e3o inusitada ao utilizar a pr\u00f3pria cabe\u00e7a e o corpo para destruir a porta de vidro de uma cafeteria rec\u00e9m-inaugurada em Buenos Aires, na Argentina, na \u00faltima sexta-feira (28\/8), antes das 5h da manh\u00e3. A din\u00e2mica do furto no Cucu Caf\u00e9 O estabelecimento afetado foi o Cucu Caf\u00e9, localizado no bairro [&hellip;]<\/p>\n","protected":false},"author":0,"featured_media":32734,"comment_status":"open","ping_status":"open","sticky":false,"template":"","format":"standard","meta":{"footnotes":""},"categories":[6],"tags":[],"class_list":["post-32729","post","type-post","status-publish","format-standard","has-post-thumbnail","hentry","category-mercosul"],"_links":{"self":[{"href":"https:\/\/acontecenafronteira.com.br\/index.php\/wp-json\/wp\/v2\/posts\/32729","targetHints":{"allow":["GET"]}}],"collection":[{"href":"https:\/\/acontecenafronteira.com.br\/index.php\/wp-json\/wp\/v2\/posts"}],"about":[{"href":"https:\/\/acontecenafronteira.com.br\/index.php\/wp-json\/wp\/v2\/types\/post"}],"replies":[{"embeddable":true,"href":"https:\/\/acontecenafronteira.com.br\/index.php\/wp-json\/wp\/v2\/comments?post=32729"}],"version-history":[{"count":1,"href":"https:\/\/acontecenafronteira.com.br\/index.php\/wp-json\/wp\/v2\/posts\/32729\/revisions"}],"predecessor-version":[{"id":32733,"href":"https:\/\/acontecenafronteira.com.br\/index.php\/wp-json\/wp\/v2\/posts\/32729\/revisions\/32733"}],"wp:featuredmedia":[{"embeddable":true,"href":"https:\/\/acontecenafronteira.com.br\/index.php\/wp-json\/wp\/v2\/media\/32734"}],"wp:attachment":[{"href":"https:\/\/acontecenafronteira.com.br\/index.php\/wp-json\/wp\/v2\/media?parent=32729"}],"wp:term":[{"taxonomy":"category","embeddable":true,"href":"https:\/\/acontecenafronteira.com.br\/index.php\/wp-json\/wp\/v2\/categories?post=32729"},{"taxonomy":"post_tag","embeddable":true,"href":"https:\/\/acontecenafronteira.com.br\/index.php\/wp-json\/wp\/v2\/tags?post=32729"}],"curies":[{"name":"wp","href":"https:\/\/api.w.org\/{rel}","templated":true}]}}