{"id":32720,"date":"2026-08-31T17:37:21","date_gmt":"2026-08-31T20:37:21","guid":{"rendered":"https:\/\/acontecenafronteira.com.br\/?p=32720"},"modified":"2026-08-31T17:37:21","modified_gmt":"2026-08-31T20:37:21","slug":"abl-resgata-cartas-de-machado-de-assis-e-clarice-lispector","status":"publish","type":"post","link":"https:\/\/acontecenafronteira.com.br\/index.php\/2026\/08\/31\/abl-resgata-cartas-de-machado-de-assis-e-clarice-lispector\/","title":{"rendered":"ABL resgata cartas de Machado de Assis e Clarice Lispector"},"content":{"rendered":"<p>A Academia Brasileira de Letras (ABL) inicia nesta ter\u00e7a-feira uma programa\u00e7\u00e3o especial dedicada ao universo das cartas pessoais de cinco grandes nomes da literatura nacional. O evento investigar\u00e1 a trajet\u00f3ria de Machado de Assis, M\u00e1rio de Andrade, Monteiro Lobato, Clarice Lispector e Graciliano Ramos por meio de seus registros epistolares, revelando bastidores e conex\u00f5es \u00edntimas entre a vida e a produ\u00e7\u00e3o art\u00edstica desses autores.<\/p>\n<h2>A abertura com Machado de Assis<\/h2>\n<p>As atividades come\u00e7am \u00e0s 16h, no Teatro R. Magalh\u00e3es Jr., com a palestra intitulada \u201c\u00c9 melhor deix\u00e1-la esquecida e calada: As Correspond\u00eancias de Machado de Assis (1860\u20131908)\u201d. A apresenta\u00e7\u00e3o ser\u00e1 conduzida por C. S. Soares, escritor respons\u00e1vel pela biografia \u201cMachado: O Filho do Inverno\u201d.<\/p>\n<p>Antonio Carlos Secchin, acad\u00eamico e coordenador dos ciclos de palestras, destaca que os documentos trocados com interlocutores privilegiados funcionam como uma ferramenta essencial para compreender a intimidade da cria\u00e7\u00e3o liter\u00e1ria. Segundo ele, especialistas convidados trar\u00e3o \u00e0 tona facetas desconhecidas do p\u00fablico sobre esses \u00edcones das letras.<\/p>\n<p>Antes de falecer, o pr\u00f3prio Machado de Assis permitiu a circula\u00e7\u00e3o de seus recados escritos, mas sugeriu que talvez fosse prefer\u00edvel mant\u00ea-los em segredo, al\u00e9m de solicitar a elimina\u00e7\u00e3o dos pap\u00e9is trocados com sua esposa, Carolina. Durante a confer\u00eancia, o bi\u00f3grafo examinar\u00e1 esse dilema, apontando que os textos daquele per\u00edodo ganham relev\u00e2ncia tanto pelas revela\u00e7\u00f5es quanto pelos sil\u00eancios, expondo ainda o rigor obsessivo do autor com seus manuscritos e o mercado editorial do s\u00e9culo XIX.<\/p>\n<h2>M\u00e1rio de Andrade e Monteiro Lobato em pauta<\/h2>\n<p>No dia 8, a programa\u00e7\u00e3o continua com o professor da USP Marcos Moraes, que abordar\u00e1 a vasta e historicamente relevante produ\u00e7\u00e3o epistolar de M\u00e1rio de Andrade. O pesquisador abordar\u00e1 a repercuss\u00e3o gerada pela divulga\u00e7\u00e3o, ocorrida em 2015, da c\u00e9lebre &#8220;carta lacrada&#8221; na qual o modernista discute abertamente as press\u00f5es da sociedade e os rumores sobre sua orienta\u00e7\u00e3o sexual.<\/p>\n<p>Em seguida, no dia 15, Emerson Tin, docente da UNICAMP, examinar\u00e1 a faceta epistolar de Monteiro Lobato. O acad\u00eamico categoriza a escrita do criador do S\u00edtio do Picapau Amarelo em seis personas distintas: o familiar descontra\u00eddo; o editor e mentor relutante; o observador chocado com o contraste entre os Estados Unidos e o Brasil; o defensor do ferro e do petr\u00f3leo; o prisioneiro autoproclamado m\u00e1rtir; e o autor infantil que transita entre o absurdo e a encarna\u00e7\u00e3o de suas pr\u00f3prias cria\u00e7\u00f5es.<\/p>\n<h2>Clarice Lispector e Graciliano Ramos<\/h2>\n<p>As \u00faltimas semanas do m\u00eas trar\u00e3o an\u00e1lises sobre Clarice Lispector e Graciliano Ramos. No dia 22, Evandro Nascimento examinar\u00e1 dois eixos principais nas mensagens deixadas pela autora: a rede de afetos voltada para familiares, amigos e o \u00e2mbito profissional, e os paralelos diretos entre sua biografia e seus romances, abrangendo desde os anos 1940 at\u00e9 a sua morte na d\u00e9cada de 1970.<\/p>\n<p>Para encerrar o ciclo no dia 29, Thiago Mio Salla, professor da USP, utilizar\u00e1 a colet\u00e2nea &#8220;Correspond\u00eancias&#8221; para debater a trajet\u00f3ria liter\u00e1ria de Graciliano Ramos a partir dos registros escritos deixados pelo romancista alagoano.<\/p>\n<p>Por Reda\u00e7\u00e3o Acontece<\/p>\n<p>Cr\u00e9ditos da imagem: Divulga\u00e7\u00e3o \/ ABL<\/p>\n","protected":false},"excerpt":{"rendered":"<p>A Academia Brasileira de Letras (ABL) inicia nesta ter\u00e7a-feira uma programa\u00e7\u00e3o especial dedicada ao universo das cartas pessoais de cinco grandes nomes da literatura nacional. O evento investigar\u00e1 a trajet\u00f3ria de Machado de Assis, M\u00e1rio de Andrade, Monteiro Lobato, Clarice Lispector e Graciliano Ramos por meio de seus registros epistolares, revelando bastidores e conex\u00f5es \u00edntimas [&hellip;]<\/p>\n","protected":false},"author":0,"featured_media":32728,"comment_status":"open","ping_status":"open","sticky":false,"template":"","format":"standard","meta":{"footnotes":""},"categories":[28],"tags":[],"class_list":["post-32720","post","type-post","status-publish","format-standard","has-post-thumbnail","hentry","category-mundo"],"_links":{"self":[{"href":"https:\/\/acontecenafronteira.com.br\/index.php\/wp-json\/wp\/v2\/posts\/32720","targetHints":{"allow":["GET"]}}],"collection":[{"href":"https:\/\/acontecenafronteira.com.br\/index.php\/wp-json\/wp\/v2\/posts"}],"about":[{"href":"https:\/\/acontecenafronteira.com.br\/index.php\/wp-json\/wp\/v2\/types\/post"}],"replies":[{"embeddable":true,"href":"https:\/\/acontecenafronteira.com.br\/index.php\/wp-json\/wp\/v2\/comments?post=32720"}],"version-history":[{"count":1,"href":"https:\/\/acontecenafronteira.com.br\/index.php\/wp-json\/wp\/v2\/posts\/32720\/revisions"}],"predecessor-version":[{"id":32727,"href":"https:\/\/acontecenafronteira.com.br\/index.php\/wp-json\/wp\/v2\/posts\/32720\/revisions\/32727"}],"wp:featuredmedia":[{"embeddable":true,"href":"https:\/\/acontecenafronteira.com.br\/index.php\/wp-json\/wp\/v2\/media\/32728"}],"wp:attachment":[{"href":"https:\/\/acontecenafronteira.com.br\/index.php\/wp-json\/wp\/v2\/media?parent=32720"}],"wp:term":[{"taxonomy":"category","embeddable":true,"href":"https:\/\/acontecenafronteira.com.br\/index.php\/wp-json\/wp\/v2\/categories?post=32720"},{"taxonomy":"post_tag","embeddable":true,"href":"https:\/\/acontecenafronteira.com.br\/index.php\/wp-json\/wp\/v2\/tags?post=32720"}],"curies":[{"name":"wp","href":"https:\/\/api.w.org\/{rel}","templated":true}]}}