{"id":32719,"date":"2026-08-31T17:37:15","date_gmt":"2026-08-31T20:37:15","guid":{"rendered":"https:\/\/acontecenafronteira.com.br\/?p=32719"},"modified":"2026-08-31T17:37:15","modified_gmt":"2026-08-31T20:37:15","slug":"lionel-richie-vai-para-uti-nos-eua-apos-passar-mal-em-show","status":"publish","type":"post","link":"https:\/\/acontecenafronteira.com.br\/index.php\/2026\/08\/31\/lionel-richie-vai-para-uti-nos-eua-apos-passar-mal-em-show\/","title":{"rendered":"Lionel Richie vai para UTI nos EUA ap\u00f3s passar mal em show"},"content":{"rendered":"<p>O cantor <strong>Lionel Richie<\/strong>, de 77 anos, foi internado em uma unidade de terapia intensiva em St. Louis, Missouri, Estados Unidos, ap\u00f3s apresentar um mal-estar durante uma apresenta\u00e7\u00e3o realizada no \u00faltimo s\u00e1bado.<\/p>\n<h2>O incidente no palco e a busca por atendimento<\/h2>\n<p>O artista se apresentou no espa\u00e7o The Muny, localizado em Forest Park. De acordo com relatos de testemunhas, o m\u00fasico demonstrou sinais de cansa\u00e7o extremo e dificuldades na reta final do evento, chegando a solicitar uma cadeira para concluir a execu\u00e7\u00e3o da faixa &#8220;All Night Long&#8221; sentado. O pr\u00f3prio artista buscou atendimento m\u00e9dico por iniciativa pr\u00f3pria, e os profissionais de sa\u00fade analisam a hip\u00f3tese de um quadro de desidrata\u00e7\u00e3o leve.<\/p>\n<h2>Previs\u00e3o de alta e hist\u00f3rico recente de sa\u00fade<\/h2>\n<p>Fontes pr\u00f3ximas informam que o cantor adota uma postura de cautela e a expectativa \u00e9 de que ele seja liberado do hospital ainda nesta ter\u00e7a-feira (1\u00ba). At\u00e9 o momento, a assessoria de imprensa do artista n\u00e3o emitiu pronunciamentos oficiais.<\/p>\n<p>Este incidente marca o segundo problema de sa\u00fade enfrentado pelo cantor durante sua turn\u00ea atual. Em junho, o m\u00fasico j\u00e1 havia necessitado de assist\u00eancia m\u00e9dica em Minnesota, ap\u00f3s relatar tonturas e sensa\u00e7\u00f5es estranhas no palco.<\/p>\n<h2>Impacto na agenda de shows e turn\u00ea atual<\/h2>\n<p>Naquela ocasi\u00e3o anterior, o artista interrompeu o espet\u00e1culo, sentou-se durante a m\u00fasica &#8220;Dancing on the Ceiling&#8221; e foi encaminhado de ambul\u00e2ncia a um centro m\u00e9dico para avalia\u00e7\u00f5es preventivas, tranquilizando os f\u00e3s dias depois atrav\u00e9s de mensagens de agradecimento pelo apoio recebido.<\/p>\n<p>Atualmente, o cantor cumpre a agenda de uma turn\u00ea em parceria com a banda Earth, Wind &amp; Fire. O cronograma oficial inclui diversos compromissos pelos Estados Unidos nas pr\u00f3ximas semanas, al\u00e9m de um show programado para acontecer em S\u00e3o Paulo no dia 19 de dezembro.<\/p>\n<p>Por Reda\u00e7\u00e3o Acontece<\/p>\n<p>Cr\u00e9ditos da imagem: Divulga\u00e7\u00e3o<\/p>\n","protected":false},"excerpt":{"rendered":"<p>O cantor Lionel Richie, de 77 anos, foi internado em uma unidade de terapia intensiva em St. Louis, Missouri, Estados Unidos, ap\u00f3s apresentar um mal-estar durante uma apresenta\u00e7\u00e3o realizada no \u00faltimo s\u00e1bado. O incidente no palco e a busca por atendimento O artista se apresentou no espa\u00e7o The Muny, localizado em Forest Park. De acordo [&hellip;]<\/p>\n","protected":false},"author":0,"featured_media":32726,"comment_status":"open","ping_status":"open","sticky":false,"template":"","format":"standard","meta":{"footnotes":""},"categories":[28],"tags":[],"class_list":["post-32719","post","type-post","status-publish","format-standard","has-post-thumbnail","hentry","category-mundo"],"_links":{"self":[{"href":"https:\/\/acontecenafronteira.com.br\/index.php\/wp-json\/wp\/v2\/posts\/32719","targetHints":{"allow":["GET"]}}],"collection":[{"href":"https:\/\/acontecenafronteira.com.br\/index.php\/wp-json\/wp\/v2\/posts"}],"about":[{"href":"https:\/\/acontecenafronteira.com.br\/index.php\/wp-json\/wp\/v2\/types\/post"}],"replies":[{"embeddable":true,"href":"https:\/\/acontecenafronteira.com.br\/index.php\/wp-json\/wp\/v2\/comments?post=32719"}],"version-history":[{"count":1,"href":"https:\/\/acontecenafronteira.com.br\/index.php\/wp-json\/wp\/v2\/posts\/32719\/revisions"}],"predecessor-version":[{"id":32725,"href":"https:\/\/acontecenafronteira.com.br\/index.php\/wp-json\/wp\/v2\/posts\/32719\/revisions\/32725"}],"wp:featuredmedia":[{"embeddable":true,"href":"https:\/\/acontecenafronteira.com.br\/index.php\/wp-json\/wp\/v2\/media\/32726"}],"wp:attachment":[{"href":"https:\/\/acontecenafronteira.com.br\/index.php\/wp-json\/wp\/v2\/media?parent=32719"}],"wp:term":[{"taxonomy":"category","embeddable":true,"href":"https:\/\/acontecenafronteira.com.br\/index.php\/wp-json\/wp\/v2\/categories?post=32719"},{"taxonomy":"post_tag","embeddable":true,"href":"https:\/\/acontecenafronteira.com.br\/index.php\/wp-json\/wp\/v2\/tags?post=32719"}],"curies":[{"name":"wp","href":"https:\/\/api.w.org\/{rel}","templated":true}]}}