{"id":32718,"date":"2026-08-31T17:37:05","date_gmt":"2026-08-31T20:37:05","guid":{"rendered":"https:\/\/acontecenafronteira.com.br\/?p=32718"},"modified":"2026-08-31T17:37:05","modified_gmt":"2026-08-31T20:37:05","slug":"eua-desaconselham-viagens-a-favelas-e-fronteiras-do-brasil","status":"publish","type":"post","link":"https:\/\/acontecenafronteira.com.br\/index.php\/2026\/08\/31\/eua-desaconselham-viagens-a-favelas-e-fronteiras-do-brasil\/","title":{"rendered":"EUA desaconselham viagens a favelas e fronteiras do Brasil"},"content":{"rendered":"<p>A representa\u00e7\u00e3o diplom\u00e1tica dos Estados Unidos em solo brasileiro publicou um comunicado oficial recomendando que seus cidad\u00e3os evitem visitas a favelas, \u00e1reas de fronteira terrestre e cidades-sat\u00e9lites do Distrito Federal.<\/p>\n<h2>Riscos de viol\u00eancia motivam alerta<\/h2>\n<p>O documento oficial aponta que o principal motivo para a restri\u00e7\u00e3o \u00e9 a alta incid\u00eancia de criminalidade e a amea\u00e7a de sequestros nessas localidades espec\u00edficas.<\/p>\n<h2>\u00c1reas sob restri\u00e7\u00e3o no pa\u00eds<\/h2>\n<p>Al\u00e9m das comunidades urbanas e das zonas fronteiri\u00e7as, o aviso de viagem tamb\u00e9m abrange as regi\u00f5es administrativas do entorno da capital federal, classificadas com potencial perigo para estrangeiros.<\/p>\n<p>As autoridades norte-americano refor\u00e7am a necessidade de cautela extrema ao circular por determinados territ\u00f3rios brasileiros vulner\u00e1veis \u00e0 viol\u00eancia urbana.<\/p>\n<p>A medida reflete a preocupa\u00e7\u00e3o cont\u00ednua de governos estrangeiros com a seguran\u00e7a de seus compatriotas em tr\u00e2nsito pelo territ\u00f3rio nacional.<\/p>\n<p>Por Reda\u00e7\u00e3o Acontece<\/p>\n<p>Cr\u00e9ditos da imagem: Divulga\u00e7\u00e3o\/Embaixada dos EUA<\/p>\n","protected":false},"excerpt":{"rendered":"<p>A representa\u00e7\u00e3o diplom\u00e1tica dos Estados Unidos em solo brasileiro publicou um comunicado oficial recomendando que seus cidad\u00e3os evitem visitas a favelas, \u00e1reas de fronteira terrestre e cidades-sat\u00e9lites do Distrito Federal. Riscos de viol\u00eancia motivam alerta O documento oficial aponta que o principal motivo para a restri\u00e7\u00e3o \u00e9 a alta incid\u00eancia de criminalidade e a amea\u00e7a [&hellip;]<\/p>\n","protected":false},"author":0,"featured_media":32724,"comment_status":"open","ping_status":"open","sticky":false,"template":"","format":"standard","meta":{"footnotes":""},"categories":[28],"tags":[],"class_list":["post-32718","post","type-post","status-publish","format-standard","has-post-thumbnail","hentry","category-mundo"],"_links":{"self":[{"href":"https:\/\/acontecenafronteira.com.br\/index.php\/wp-json\/wp\/v2\/posts\/32718","targetHints":{"allow":["GET"]}}],"collection":[{"href":"https:\/\/acontecenafronteira.com.br\/index.php\/wp-json\/wp\/v2\/posts"}],"about":[{"href":"https:\/\/acontecenafronteira.com.br\/index.php\/wp-json\/wp\/v2\/types\/post"}],"replies":[{"embeddable":true,"href":"https:\/\/acontecenafronteira.com.br\/index.php\/wp-json\/wp\/v2\/comments?post=32718"}],"version-history":[{"count":1,"href":"https:\/\/acontecenafronteira.com.br\/index.php\/wp-json\/wp\/v2\/posts\/32718\/revisions"}],"predecessor-version":[{"id":32723,"href":"https:\/\/acontecenafronteira.com.br\/index.php\/wp-json\/wp\/v2\/posts\/32718\/revisions\/32723"}],"wp:featuredmedia":[{"embeddable":true,"href":"https:\/\/acontecenafronteira.com.br\/index.php\/wp-json\/wp\/v2\/media\/32724"}],"wp:attachment":[{"href":"https:\/\/acontecenafronteira.com.br\/index.php\/wp-json\/wp\/v2\/media?parent=32718"}],"wp:term":[{"taxonomy":"category","embeddable":true,"href":"https:\/\/acontecenafronteira.com.br\/index.php\/wp-json\/wp\/v2\/categories?post=32718"},{"taxonomy":"post_tag","embeddable":true,"href":"https:\/\/acontecenafronteira.com.br\/index.php\/wp-json\/wp\/v2\/tags?post=32718"}],"curies":[{"name":"wp","href":"https:\/\/api.w.org\/{rel}","templated":true}]}}