{"id":32717,"date":"2026-08-31T17:37:00","date_gmt":"2026-08-31T20:37:00","guid":{"rendered":"https:\/\/acontecenafronteira.com.br\/?p=32717"},"modified":"2026-08-31T17:37:00","modified_gmt":"2026-08-31T20:37:00","slug":"ex-marqueteiro-mantem-forte-influencia-sobre-flavio-bolsonaro","status":"publish","type":"post","link":"https:\/\/acontecenafronteira.com.br\/index.php\/2026\/08\/31\/ex-marqueteiro-mantem-forte-influencia-sobre-flavio-bolsonaro\/","title":{"rendered":"Ex-marqueteiro mant\u00e9m forte influ\u00eancia sobre Fl\u00e1vio Bolsonaro"},"content":{"rendered":"<p>Apesar de ter deixado a equipe oficial de campanha ainda no m\u00eas de maio, o marqueteiro Marcello Lopes, conhecido nos bastidores como Marcell\u00e3o, conserva forte poder de influ\u00eancia junto ao senador Fl\u00e1vio Bolsonaro.<\/p>\n<h2>Os bastidores da comunica\u00e7\u00e3o pol\u00edtica<\/h2>\n<p>O profissional teve papel central na estrutura\u00e7\u00e3o da estrat\u00e9gia de comunica\u00e7\u00e3o durante os meses iniciais da pr\u00e9-campanha do parlamentar.<\/p>\n<h2>A perman\u00eancia dos la\u00e7os estrat\u00e9gicos<\/h2>\n<p>Mesmo sem ocupar um cargo formal na coordena\u00e7\u00e3o atual, interlocutores apontam que o estrategista continua sendo ouvido em decis\u00f5es cruciais e diretrizes de imagem p\u00fablica.<\/p>\n<p>A proximidade entre o pol\u00edtico e o especialista reflete a confian\u00e7a constru\u00edda ao longo dos preparativos eleitorais iniciais.<\/p>\n<p>As articula\u00e7\u00f5es de bastidor seguem moldando passos importantes da estrat\u00e9gia adotada pelo grupo pol\u00edtico do senador.<\/p>\n<p>O cen\u00e1rio evidencia que, na pol\u00edtica nacional, alian\u00e7as de bastidor frequentemente resistem a mudan\u00e7as oficiais nas equipes de campanha.<\/p>\n<p>Por Reda\u00e7\u00e3o Acontece<\/p>\n<p>Cr\u00e9ditos da imagem: Reprodu\u00e7\u00e3o \/ Redes Sociais<\/p>\n","protected":false},"excerpt":{"rendered":"<p>Apesar de ter deixado a equipe oficial de campanha ainda no m\u00eas de maio, o marqueteiro Marcello Lopes, conhecido nos bastidores como Marcell\u00e3o, conserva forte poder de influ\u00eancia junto ao senador Fl\u00e1vio Bolsonaro. Os bastidores da comunica\u00e7\u00e3o pol\u00edtica O profissional teve papel central na estrutura\u00e7\u00e3o da estrat\u00e9gia de comunica\u00e7\u00e3o durante os meses iniciais da pr\u00e9-campanha [&hellip;]<\/p>\n","protected":false},"author":0,"featured_media":32722,"comment_status":"open","ping_status":"open","sticky":false,"template":"","format":"standard","meta":{"footnotes":""},"categories":[28],"tags":[],"class_list":["post-32717","post","type-post","status-publish","format-standard","has-post-thumbnail","hentry","category-mundo"],"_links":{"self":[{"href":"https:\/\/acontecenafronteira.com.br\/index.php\/wp-json\/wp\/v2\/posts\/32717","targetHints":{"allow":["GET"]}}],"collection":[{"href":"https:\/\/acontecenafronteira.com.br\/index.php\/wp-json\/wp\/v2\/posts"}],"about":[{"href":"https:\/\/acontecenafronteira.com.br\/index.php\/wp-json\/wp\/v2\/types\/post"}],"replies":[{"embeddable":true,"href":"https:\/\/acontecenafronteira.com.br\/index.php\/wp-json\/wp\/v2\/comments?post=32717"}],"version-history":[{"count":1,"href":"https:\/\/acontecenafronteira.com.br\/index.php\/wp-json\/wp\/v2\/posts\/32717\/revisions"}],"predecessor-version":[{"id":32721,"href":"https:\/\/acontecenafronteira.com.br\/index.php\/wp-json\/wp\/v2\/posts\/32717\/revisions\/32721"}],"wp:featuredmedia":[{"embeddable":true,"href":"https:\/\/acontecenafronteira.com.br\/index.php\/wp-json\/wp\/v2\/media\/32722"}],"wp:attachment":[{"href":"https:\/\/acontecenafronteira.com.br\/index.php\/wp-json\/wp\/v2\/media?parent=32717"}],"wp:term":[{"taxonomy":"category","embeddable":true,"href":"https:\/\/acontecenafronteira.com.br\/index.php\/wp-json\/wp\/v2\/categories?post=32717"},{"taxonomy":"post_tag","embeddable":true,"href":"https:\/\/acontecenafronteira.com.br\/index.php\/wp-json\/wp\/v2\/tags?post=32717"}],"curies":[{"name":"wp","href":"https:\/\/api.w.org\/{rel}","templated":true}]}}