{"id":32710,"date":"2026-08-31T17:36:54","date_gmt":"2026-08-31T20:36:54","guid":{"rendered":"https:\/\/acontecenafronteira.com.br\/?p=32710"},"modified":"2026-08-31T17:36:54","modified_gmt":"2026-08-31T20:36:54","slug":"mp-investiga-shows-de-r-774-mil-em-campo-largo-e-ve-alerta","status":"publish","type":"post","link":"https:\/\/acontecenafronteira.com.br\/index.php\/2026\/08\/31\/mp-investiga-shows-de-r-774-mil-em-campo-largo-e-ve-alerta\/","title":{"rendered":"MP investiga shows de R$ 774 mil em Campo Largo e v\u00ea alerta"},"content":{"rendered":"<p>O Minist\u00e9rio P\u00fablico do Paran\u00e1 colocou sob investiga\u00e7\u00e3o os cach\u00eas milion\u00e1rios destinados a apresenta\u00e7\u00f5es art\u00edsticas na 5\u00aa Festa do Agricultor em Campo Largo. A fiscaliza\u00e7\u00e3o ocorre em um cen\u00e1rio de intensa discuss\u00e3o sobre a prioridade no uso de verbas p\u00fablicas municipais.<\/p>\n<h2>A pol\u00eamica dos cach\u00eas art\u00edsticos<\/h2>\n<p>Para o \u00f3rg\u00e3o fiscalizador, a libera\u00e7\u00e3o de R$ 774 mil para contrata\u00e7\u00f5es de artistas de renome nacional, como Naiara Azevedo e a dupla Edson &amp; Hudson, gera uma contradi\u00e7\u00e3o insustent\u00e1vel. A promotoria aponta que o desembolso destoa das reais necessidades da popula\u00e7\u00e3o local.<\/p>\n<h2>Argumentos da promotoria estadual<\/h2>\n<p>O Minist\u00e9rio P\u00fablico destacou que investir cifras expressivas em eventos festivos vai na contram\u00e3o da responsabilidade fiscal, especialmente quando setores essenciais carecem de aportes financeiros adequados.<\/p>\n<p>A administra\u00e7\u00e3o municipal foi acionada para prestar esclarecimentos detalhados sobre a legalidade dos contratos e a origem dos recursos utilizados na festividade agr\u00edcola.<\/p>\n<p>Por Reda\u00e7\u00e3o Acontece<\/p>\n<p>Cr\u00e9ditos da imagem: Divulga\u00e7\u00e3o \/ Prefeitura de Campo Largo<\/p>\n","protected":false},"excerpt":{"rendered":"<p>O Minist\u00e9rio P\u00fablico do Paran\u00e1 colocou sob investiga\u00e7\u00e3o os cach\u00eas milion\u00e1rios destinados a apresenta\u00e7\u00f5es art\u00edsticas na 5\u00aa Festa do Agricultor em Campo Largo. A fiscaliza\u00e7\u00e3o ocorre em um cen\u00e1rio de intensa discuss\u00e3o sobre a prioridade no uso de verbas p\u00fablicas municipais. A pol\u00eamica dos cach\u00eas art\u00edsticos Para o \u00f3rg\u00e3o fiscalizador, a libera\u00e7\u00e3o de R$ 774 [&hellip;]<\/p>\n","protected":false},"author":0,"featured_media":32716,"comment_status":"open","ping_status":"open","sticky":false,"template":"","format":"standard","meta":{"footnotes":""},"categories":[18],"tags":[],"class_list":["post-32710","post","type-post","status-publish","format-standard","has-post-thumbnail","hentry","category-parana"],"_links":{"self":[{"href":"https:\/\/acontecenafronteira.com.br\/index.php\/wp-json\/wp\/v2\/posts\/32710","targetHints":{"allow":["GET"]}}],"collection":[{"href":"https:\/\/acontecenafronteira.com.br\/index.php\/wp-json\/wp\/v2\/posts"}],"about":[{"href":"https:\/\/acontecenafronteira.com.br\/index.php\/wp-json\/wp\/v2\/types\/post"}],"replies":[{"embeddable":true,"href":"https:\/\/acontecenafronteira.com.br\/index.php\/wp-json\/wp\/v2\/comments?post=32710"}],"version-history":[{"count":1,"href":"https:\/\/acontecenafronteira.com.br\/index.php\/wp-json\/wp\/v2\/posts\/32710\/revisions"}],"predecessor-version":[{"id":32715,"href":"https:\/\/acontecenafronteira.com.br\/index.php\/wp-json\/wp\/v2\/posts\/32710\/revisions\/32715"}],"wp:featuredmedia":[{"embeddable":true,"href":"https:\/\/acontecenafronteira.com.br\/index.php\/wp-json\/wp\/v2\/media\/32716"}],"wp:attachment":[{"href":"https:\/\/acontecenafronteira.com.br\/index.php\/wp-json\/wp\/v2\/media?parent=32710"}],"wp:term":[{"taxonomy":"category","embeddable":true,"href":"https:\/\/acontecenafronteira.com.br\/index.php\/wp-json\/wp\/v2\/categories?post=32710"},{"taxonomy":"post_tag","embeddable":true,"href":"https:\/\/acontecenafronteira.com.br\/index.php\/wp-json\/wp\/v2\/tags?post=32710"}],"curies":[{"name":"wp","href":"https:\/\/api.w.org\/{rel}","templated":true}]}}