{"id":32709,"date":"2026-08-31T17:36:51","date_gmt":"2026-08-31T20:36:51","guid":{"rendered":"https:\/\/acontecenafronteira.com.br\/?p=32709"},"modified":"2026-08-31T17:36:51","modified_gmt":"2026-08-31T20:36:51","slug":"falta-de-esgoto-no-jardim-barcelona-em-maringa-revolta","status":"publish","type":"post","link":"https:\/\/acontecenafronteira.com.br\/index.php\/2026\/08\/31\/falta-de-esgoto-no-jardim-barcelona-em-maringa-revolta\/","title":{"rendered":"Falta de esgoto no Jardim Barcelona em Maring\u00e1 revolta"},"content":{"rendered":"<p>Moradores do Jardim Barcelona enfrentam a aus\u00eancia completa de saneamento b\u00e1sico e rede de esgoto na regi\u00e3o, conforme revelado pelo vereador Daniel Malvezzi durante sess\u00e3o legislativa realizada nesta quinta-feira (27).<\/p>\n<h2>Cobran\u00e7a por saneamento b\u00e1sico<\/h2>\n<p>O parlamentar criticou duramente a situa\u00e7\u00e3o prec\u00e1ria enfrentada pelas fam\u00edlias locais, que precisam conviver diariamente com os transtornos decorrentes da falta de infraestrutura urbana adequada em Maring\u00e1.<\/p>\n<h2>Impacto na qualidade de vida<\/h2>\n<p>A falta de canaliza\u00e7\u00e3o para dejetos gera riscos sanit\u00e1rios significativos e desvaloriza os im\u00f3veis do bairro, exigindo uma interven\u00e7\u00e3o imediata das autoridades competentes para solucionar o problema hist\u00f3rico.<\/p>\n<p>A comunidade local segue aguardando um posicionamento oficial da prefeitura e das empresas respons\u00e1veis pelos servi\u00e7os de saneamento para que obras estruturantes sejam iniciadas no local.<\/p>\n<p>Por Reda\u00e7\u00e3o Acontece<\/p>\n<p>Cr\u00e9ditos da imagem: Divulga\u00e7\u00e3o \/ C\u00e2mara Municipal de Maring\u00e1<\/p>\n","protected":false},"excerpt":{"rendered":"<p>Moradores do Jardim Barcelona enfrentam a aus\u00eancia completa de saneamento b\u00e1sico e rede de esgoto na regi\u00e3o, conforme revelado pelo vereador Daniel Malvezzi durante sess\u00e3o legislativa realizada nesta quinta-feira (27). Cobran\u00e7a por saneamento b\u00e1sico O parlamentar criticou duramente a situa\u00e7\u00e3o prec\u00e1ria enfrentada pelas fam\u00edlias locais, que precisam conviver diariamente com os transtornos decorrentes da falta [&hellip;]<\/p>\n","protected":false},"author":0,"featured_media":32714,"comment_status":"open","ping_status":"open","sticky":false,"template":"","format":"standard","meta":{"footnotes":""},"categories":[18],"tags":[],"class_list":["post-32709","post","type-post","status-publish","format-standard","has-post-thumbnail","hentry","category-parana"],"_links":{"self":[{"href":"https:\/\/acontecenafronteira.com.br\/index.php\/wp-json\/wp\/v2\/posts\/32709","targetHints":{"allow":["GET"]}}],"collection":[{"href":"https:\/\/acontecenafronteira.com.br\/index.php\/wp-json\/wp\/v2\/posts"}],"about":[{"href":"https:\/\/acontecenafronteira.com.br\/index.php\/wp-json\/wp\/v2\/types\/post"}],"replies":[{"embeddable":true,"href":"https:\/\/acontecenafronteira.com.br\/index.php\/wp-json\/wp\/v2\/comments?post=32709"}],"version-history":[{"count":1,"href":"https:\/\/acontecenafronteira.com.br\/index.php\/wp-json\/wp\/v2\/posts\/32709\/revisions"}],"predecessor-version":[{"id":32713,"href":"https:\/\/acontecenafronteira.com.br\/index.php\/wp-json\/wp\/v2\/posts\/32709\/revisions\/32713"}],"wp:featuredmedia":[{"embeddable":true,"href":"https:\/\/acontecenafronteira.com.br\/index.php\/wp-json\/wp\/v2\/media\/32714"}],"wp:attachment":[{"href":"https:\/\/acontecenafronteira.com.br\/index.php\/wp-json\/wp\/v2\/media?parent=32709"}],"wp:term":[{"taxonomy":"category","embeddable":true,"href":"https:\/\/acontecenafronteira.com.br\/index.php\/wp-json\/wp\/v2\/categories?post=32709"},{"taxonomy":"post_tag","embeddable":true,"href":"https:\/\/acontecenafronteira.com.br\/index.php\/wp-json\/wp\/v2\/tags?post=32709"}],"curies":[{"name":"wp","href":"https:\/\/api.w.org\/{rel}","templated":true}]}}