{"id":32708,"date":"2026-08-31T17:36:48","date_gmt":"2026-08-31T20:36:48","guid":{"rendered":"https:\/\/acontecenafronteira.com.br\/?p=32708"},"modified":"2026-08-31T17:36:48","modified_gmt":"2026-08-31T20:36:48","slug":"problemas-estruturais-nos-cras-de-maringa-sao-denunciados","status":"publish","type":"post","link":"https:\/\/acontecenafronteira.com.br\/index.php\/2026\/08\/31\/problemas-estruturais-nos-cras-de-maringa-sao-denunciados\/","title":{"rendered":"Problemas estruturais nos CRAS de Maring\u00e1 s\u00e3o denunciados"},"content":{"rendered":"<p>O vereador Professor Pac\u00edfico apresentou nesta quinta-feira (27) um levantamento alarmante sobre a situa\u00e7\u00e3o dos pr\u00e9dios que abrigam os Centros de Refer\u00eancia de Assist\u00eancia Social (CRAS) em Maring\u00e1, apontando falhas graves na infraestrutura das unidades de atendimento \u00e0 popula\u00e7\u00e3o.<\/p>\n<h2>Situa\u00e7\u00e3o prec\u00e1ria afeta atendimento social<\/h2>\n<p>De acordo com o parlamentar, diversas unidades da rede municipal apresentam danos f\u00edsicos significativos que comprometem tanto a seguran\u00e7a dos servidores quanto a qualidade do suporte oferecido \u00e0s fam\u00edlias em situa\u00e7\u00e3o de vulnerabilidade na regi\u00e3o.<\/p>\n<p>As vistorias realizadas revelaram infiltra\u00e7\u00f5es recorrentes, problemas nas instala\u00e7\u00f5es el\u00e9tricas e falta de manuten\u00e7\u00e3o adequada nos edif\u00edcios p\u00fablicos, exigindo uma interven\u00e7\u00e3o imediata por parte do Poder Executivo municipal para sanar as irregularidades.<\/p>\n<h2>Cobran\u00e7a por melhorias urgentes<\/h2>\n<p>Diante do cen\u00e1rio encontrado, o parlamentar encaminhou pedidos formais de reparo \u00e0 administra\u00e7\u00e3o local, enfatizando que a rede de assist\u00eancia social precisa de condi\u00e7\u00f5es dignas de funcionamento para atender adequadamente a comunidade maringaense.<\/p>\n<p>A expectativa agora \u00e9 que a prefeitura se manifeste sobre o cronograma de reformas necess\u00e1rias para garantir a seguran\u00e7a e o pleno funcionamento de todas as unidades afetadas na cidade.<\/p>\n<p>Por Reda\u00e7\u00e3o Acontece<\/p>\n<p>Cr\u00e9ditos da imagem: Divulga\u00e7\u00e3o\/C\u00e2mara Municipal<\/p>\n","protected":false},"excerpt":{"rendered":"<p>O vereador Professor Pac\u00edfico apresentou nesta quinta-feira (27) um levantamento alarmante sobre a situa\u00e7\u00e3o dos pr\u00e9dios que abrigam os Centros de Refer\u00eancia de Assist\u00eancia Social (CRAS) em Maring\u00e1, apontando falhas graves na infraestrutura das unidades de atendimento \u00e0 popula\u00e7\u00e3o. Situa\u00e7\u00e3o prec\u00e1ria afeta atendimento social De acordo com o parlamentar, diversas unidades da rede municipal apresentam [&hellip;]<\/p>\n","protected":false},"author":0,"featured_media":32712,"comment_status":"open","ping_status":"open","sticky":false,"template":"","format":"standard","meta":{"footnotes":""},"categories":[18],"tags":[],"class_list":["post-32708","post","type-post","status-publish","format-standard","has-post-thumbnail","hentry","category-parana"],"_links":{"self":[{"href":"https:\/\/acontecenafronteira.com.br\/index.php\/wp-json\/wp\/v2\/posts\/32708","targetHints":{"allow":["GET"]}}],"collection":[{"href":"https:\/\/acontecenafronteira.com.br\/index.php\/wp-json\/wp\/v2\/posts"}],"about":[{"href":"https:\/\/acontecenafronteira.com.br\/index.php\/wp-json\/wp\/v2\/types\/post"}],"replies":[{"embeddable":true,"href":"https:\/\/acontecenafronteira.com.br\/index.php\/wp-json\/wp\/v2\/comments?post=32708"}],"version-history":[{"count":1,"href":"https:\/\/acontecenafronteira.com.br\/index.php\/wp-json\/wp\/v2\/posts\/32708\/revisions"}],"predecessor-version":[{"id":32711,"href":"https:\/\/acontecenafronteira.com.br\/index.php\/wp-json\/wp\/v2\/posts\/32708\/revisions\/32711"}],"wp:featuredmedia":[{"embeddable":true,"href":"https:\/\/acontecenafronteira.com.br\/index.php\/wp-json\/wp\/v2\/media\/32712"}],"wp:attachment":[{"href":"https:\/\/acontecenafronteira.com.br\/index.php\/wp-json\/wp\/v2\/media?parent=32708"}],"wp:term":[{"taxonomy":"category","embeddable":true,"href":"https:\/\/acontecenafronteira.com.br\/index.php\/wp-json\/wp\/v2\/categories?post=32708"},{"taxonomy":"post_tag","embeddable":true,"href":"https:\/\/acontecenafronteira.com.br\/index.php\/wp-json\/wp\/v2\/tags?post=32708"}],"curies":[{"name":"wp","href":"https:\/\/api.w.org\/{rel}","templated":true}]}}