{"id":32687,"date":"2026-08-31T16:37:42","date_gmt":"2026-08-31T19:37:42","guid":{"rendered":"https:\/\/acontecenafronteira.com.br\/?p=32687"},"modified":"2026-08-31T16:37:42","modified_gmt":"2026-08-31T19:37:42","slug":"carro-cai-de-morro-de-15-metros-no-rs-e-motorista-sobrevive","status":"publish","type":"post","link":"https:\/\/acontecenafronteira.com.br\/index.php\/2026\/08\/31\/carro-cai-de-morro-de-15-metros-no-rs-e-motorista-sobrevive\/","title":{"rendered":"Carro cai de morro de 15 metros no RS e motorista sobrevive"},"content":{"rendered":"<p>Um motorista sobreviveu milagrosamente ap\u00f3s o seu Ford Ka despencar de uma altura de aproximadamente 15 metros no Morro do Farol, situado em Torres, no litoral norte do Rio Grande do Sul. O grave acidente aconteceu na noite do \u00faltimo s\u00e1bado (29\/8) e mobilizou equipes de resgate na regi\u00e3o.<\/p>\n<h2>O resgate e a investiga\u00e7\u00e3o policial<\/h2>\n<p>O condutor foi socorrido apresentando diversas dores pelo corpo e hematomas aparentes, sendo rapidamente levado para atendimento m\u00e9dico no Hospital Nossa Senhora dos Navegantes. Enquanto isso, a Pol\u00edcia Civil do Rio Grande do Sul iniciou as investiga\u00e7\u00f5es para esclarecer todas as causas e circunst\u00e2ncias que provocaram a queda do autom\u00f3vel nas pedras da orla.<\/p>\n<h2>Contexto anterior e tentativa de ajuda<\/h2>\n<p>Antes de o ve\u00edculo despencar da encosta, a Brigada Militar havia sido acionada por populares em Torres porque o jovem estaria passando por uma crise emocional. Os policiais militares conseguiram localiz\u00e1-lo a tempo e o encaminharam para uma avalia\u00e7\u00e3o m\u00e9dica inicial.<\/p>\n<p>Apesar do atendimento, o jovem retornou ao comando de seu autom\u00f3vel e seguiu diretamente rumo ao Morro do Farol. Testemunhas que estavam presentes no ponto tur\u00edstico perceberam o comportamento at\u00edpico e tentaram dialogar com ele, mas n\u00e3o conseguiram evitar que o carro avan\u00e7asse em dire\u00e7\u00e3o ao abismo.<\/p>\n<h2>Opera\u00e7\u00e3o complexa de remo\u00e7\u00e3o do ve\u00edculo<\/h2>\n<p>O autom\u00f3vel ficou preso entre as rochas durante toda a madrugada, pois o local apresentava extrema dificuldade de acesso para os guinchos convencionais.<\/p>\n<p>Somente na manh\u00e3 de domingo (30\/8), uma for\u00e7a-tarefa composta pela Prefeitura de Torres, Secretaria de Obras e Defesa Civil iniciou os trabalhos de retirada. A opera\u00e7\u00e3o exigiu o uso de duas retroescavadeiras e cabos de a\u00e7o refor\u00e7ados, conseguindo finalizar a remo\u00e7\u00e3o completa do carro por volta das 10h15.<\/p>\n<h2>\u00c1rea isolada por risco de novos acidentes<\/h2>\n<p>O Caminho da Santinha, ponto tur\u00edstico situado logo abaixo do Morro do Farol, precisou ser totalmente isolado pelas autoridades locais. A medida foi tomada por causa do risco iminente de novos deslizamentos e deslocamentos de pedras, agravados pelas condi\u00e7\u00f5es clim\u00e1ticas desfavor\u00e1veis e pela chuva persistente que atingiu o litoral ga\u00facho.<\/p>\n<p>Por Reda\u00e7\u00e3o Acontece<\/p>\n<p>Foto: Divulga\u00e7\u00e3o \/ Corpo de Bombeiros Militar<\/p>\n","protected":false},"excerpt":{"rendered":"<p>Um motorista sobreviveu milagrosamente ap\u00f3s o seu Ford Ka despencar de uma altura de aproximadamente 15 metros no Morro do Farol, situado em Torres, no litoral norte do Rio Grande do Sul. O grave acidente aconteceu na noite do \u00faltimo s\u00e1bado (29\/8) e mobilizou equipes de resgate na regi\u00e3o. O resgate e a investiga\u00e7\u00e3o policial [&hellip;]<\/p>\n","protected":false},"author":0,"featured_media":32693,"comment_status":"open","ping_status":"open","sticky":false,"template":"","format":"standard","meta":{"footnotes":""},"categories":[6],"tags":[],"class_list":["post-32687","post","type-post","status-publish","format-standard","has-post-thumbnail","hentry","category-mercosul"],"_links":{"self":[{"href":"https:\/\/acontecenafronteira.com.br\/index.php\/wp-json\/wp\/v2\/posts\/32687","targetHints":{"allow":["GET"]}}],"collection":[{"href":"https:\/\/acontecenafronteira.com.br\/index.php\/wp-json\/wp\/v2\/posts"}],"about":[{"href":"https:\/\/acontecenafronteira.com.br\/index.php\/wp-json\/wp\/v2\/types\/post"}],"replies":[{"embeddable":true,"href":"https:\/\/acontecenafronteira.com.br\/index.php\/wp-json\/wp\/v2\/comments?post=32687"}],"version-history":[{"count":1,"href":"https:\/\/acontecenafronteira.com.br\/index.php\/wp-json\/wp\/v2\/posts\/32687\/revisions"}],"predecessor-version":[{"id":32692,"href":"https:\/\/acontecenafronteira.com.br\/index.php\/wp-json\/wp\/v2\/posts\/32687\/revisions\/32692"}],"wp:featuredmedia":[{"embeddable":true,"href":"https:\/\/acontecenafronteira.com.br\/index.php\/wp-json\/wp\/v2\/media\/32693"}],"wp:attachment":[{"href":"https:\/\/acontecenafronteira.com.br\/index.php\/wp-json\/wp\/v2\/media?parent=32687"}],"wp:term":[{"taxonomy":"category","embeddable":true,"href":"https:\/\/acontecenafronteira.com.br\/index.php\/wp-json\/wp\/v2\/categories?post=32687"},{"taxonomy":"post_tag","embeddable":true,"href":"https:\/\/acontecenafronteira.com.br\/index.php\/wp-json\/wp\/v2\/tags?post=32687"}],"curies":[{"name":"wp","href":"https:\/\/api.w.org\/{rel}","templated":true}]}}