{"id":32686,"date":"2026-08-31T16:37:36","date_gmt":"2026-08-31T19:37:36","guid":{"rendered":"https:\/\/acontecenafronteira.com.br\/?p=32686"},"modified":"2026-08-31T16:37:36","modified_gmt":"2026-08-31T19:37:36","slug":"calor-no-df-temperatura-bate-recorde-pela-3a-vez","status":"publish","type":"post","link":"https:\/\/acontecenafronteira.com.br\/index.php\/2026\/08\/31\/calor-no-df-temperatura-bate-recorde-pela-3a-vez\/","title":{"rendered":"Calor no DF: temperatura bate recorde pela 3\u00aa vez"},"content":{"rendered":"<p>O Distrito Federal registrou nesta segunda-feira (31\/8) a <strong>maior temperatura do ano<\/strong> pela terceira jornada consecutiva, de acordo com dados oficiais do Instituto Nacional de Meteorologia (Inmet).<\/p>\n<h2>Recorde de calor na capital<\/h2>\n<p>O recorde anterior foi superado por volta das 13h, quando a esta\u00e7\u00e3o meteorol\u00f3gica situada na Ponte Alta, regi\u00e3o do Gama, marcou <strong>35,2\u00ba C<\/strong>. No dia anterior (30\/8), o mesmo local havia registrado 35,1\u00ba C, mostrando a intensidade da onda de calor que atinge a regi\u00e3o.<\/p>\n<h2>Tempo seco e alerta laranja<\/h2>\n<p>Al\u00e9m das altas temperaturas, a secura predominou no per\u00edodo da tarde. Na esta\u00e7\u00e3o de \u00c1guas Emendadas, em Planaltina, a <strong>umidade relativa do ar desabou para 13%<\/strong> por volta das 16h, repetindo o \u00edndice mais baixo contabilizado em 2026. Devido a esse cen\u00e1rio cr\u00edtico, a capital federal permaneceu sob <strong>alerta laranja<\/strong> de perigo para baixa umidade at\u00e9 as 20h da mesma segunda-feira.<\/p>\n<h2>Cuidados e orienta\u00e7\u00f5es de seguran\u00e7a<\/h2>\n<p>O Inmet alerta que a secura extrema acende o sinal vermelho para <strong>riscos de inc\u00eandios florestais<\/strong>, al\u00e9m de provocar problemas severos \u00e0 sa\u00fade humana, como ressecamento cut\u00e2neo e irrita\u00e7\u00e3o nos olhos, nariz e boca.<\/p>\n<p>Para minimizar os impactos do tempo seco, as autoridades meteorol\u00f3gicas aconselham o consumo frequente de \u00e1gua, a suspens\u00e3o de exerc\u00edcios f\u00edsicos nos momentos mais quentes do dia e a <strong>redu\u00e7\u00e3o dr\u00e1stica da exposi\u00e7\u00e3o solar<\/strong>. Em situa\u00e7\u00f5es de emerg\u00eancia, a popula\u00e7\u00e3o deve acionar a <strong>Defesa Civil pelo telefone 199<\/strong> ou o <strong>Corpo de Bombeiros pelo 193<\/strong>.<\/p>\n<p>Por Reda\u00e7\u00e3o Acontece<\/p>\n<p>Foto: Inmet\/Divulga\u00e7\u00e3o<\/p>\n","protected":false},"excerpt":{"rendered":"<p>O Distrito Federal registrou nesta segunda-feira (31\/8) a maior temperatura do ano pela terceira jornada consecutiva, de acordo com dados oficiais do Instituto Nacional de Meteorologia (Inmet). Recorde de calor na capital O recorde anterior foi superado por volta das 13h, quando a esta\u00e7\u00e3o meteorol\u00f3gica situada na Ponte Alta, regi\u00e3o do Gama, marcou 35,2\u00ba C. [&hellip;]<\/p>\n","protected":false},"author":0,"featured_media":32691,"comment_status":"open","ping_status":"open","sticky":false,"template":"","format":"standard","meta":{"footnotes":""},"categories":[6],"tags":[],"class_list":["post-32686","post","type-post","status-publish","format-standard","has-post-thumbnail","hentry","category-mercosul"],"_links":{"self":[{"href":"https:\/\/acontecenafronteira.com.br\/index.php\/wp-json\/wp\/v2\/posts\/32686","targetHints":{"allow":["GET"]}}],"collection":[{"href":"https:\/\/acontecenafronteira.com.br\/index.php\/wp-json\/wp\/v2\/posts"}],"about":[{"href":"https:\/\/acontecenafronteira.com.br\/index.php\/wp-json\/wp\/v2\/types\/post"}],"replies":[{"embeddable":true,"href":"https:\/\/acontecenafronteira.com.br\/index.php\/wp-json\/wp\/v2\/comments?post=32686"}],"version-history":[{"count":1,"href":"https:\/\/acontecenafronteira.com.br\/index.php\/wp-json\/wp\/v2\/posts\/32686\/revisions"}],"predecessor-version":[{"id":32690,"href":"https:\/\/acontecenafronteira.com.br\/index.php\/wp-json\/wp\/v2\/posts\/32686\/revisions\/32690"}],"wp:featuredmedia":[{"embeddable":true,"href":"https:\/\/acontecenafronteira.com.br\/index.php\/wp-json\/wp\/v2\/media\/32691"}],"wp:attachment":[{"href":"https:\/\/acontecenafronteira.com.br\/index.php\/wp-json\/wp\/v2\/media?parent=32686"}],"wp:term":[{"taxonomy":"category","embeddable":true,"href":"https:\/\/acontecenafronteira.com.br\/index.php\/wp-json\/wp\/v2\/categories?post=32686"},{"taxonomy":"post_tag","embeddable":true,"href":"https:\/\/acontecenafronteira.com.br\/index.php\/wp-json\/wp\/v2\/tags?post=32686"}],"curies":[{"name":"wp","href":"https:\/\/api.w.org\/{rel}","templated":true}]}}