{"id":32677,"date":"2026-08-31T16:37:32","date_gmt":"2026-08-31T19:37:32","guid":{"rendered":"https:\/\/acontecenafronteira.com.br\/?p=32677"},"modified":"2026-08-31T16:37:32","modified_gmt":"2026-08-31T19:37:32","slug":"governo-lula-debate-tarifaco-com-os-eua-e-busca-acordo","status":"publish","type":"post","link":"https:\/\/acontecenafronteira.com.br\/index.php\/2026\/08\/31\/governo-lula-debate-tarifaco-com-os-eua-e-busca-acordo\/","title":{"rendered":"Governo Lula debate tarifa\u00e7o com os EUA e busca acordo"},"content":{"rendered":"<p>Representantes do alto escal\u00e3o do governo brasileiro reuniram-se nesta segunda-feira com autoridades dos Estados Unidos para negociar a revoga\u00e7\u00e3o do recente pacote de sobretaxas aplicado \u00e0s exporta\u00e7\u00f5es nacionais.<\/p>\n<h2>Negocia\u00e7\u00f5es bilaterais sem acordo imediato<\/h2>\n<p>O encontro ocorreu na sequ\u00eancia de uma conversa telef\u00f4nica entre os chefes de Estado de ambas as na\u00e7\u00f5es. Participaram das tratativas o ministro das Rela\u00e7\u00f5es Exteriores, Mauro Vieira, e o titular do Desenvolvimento, Ind\u00fastria, Com\u00e9rcio e Servi\u00e7os, M\u00e1rcio Elias Rosa, que conversaram com Jamieson Greer, representante de Com\u00e9rcio dos Estados Unidos.<\/p>\n<p>Apesar da abertura para conversas, a reuni\u00e3o n\u00e3o resultou em avan\u00e7os pr\u00e1ticos definitivos. Ficou acertado que novas rodadas de di\u00e1logo t\u00e9cnico ocorrer\u00e3o em breve, podendo ser realizadas de forma remota ou presencial para monitorar eventuais progressos.<\/p>\n<h2>Impacto das taxas no mercado nacional<\/h2>\n<p>Em posicionamento oficial, a gest\u00e3o federal destacou que rejeita a imposi\u00e7\u00e3o de barreiras unilaterais, classificando-as como incompat\u00edveis com as diretrizes do com\u00e9rcio internacional. As medidas punitivas, que incluem al\u00edquotas de 25% e 12,5% acumuladas, foram anunciadas pelos norte-americanos em julho.<\/p>\n<p>Dados da pasta econ\u00f4mica apontam que quase metade da pauta de vendas externas para o pa\u00eds norte-americano sofre com as taxa\u00e7\u00f5es, atingindo diretamente 8,6 mil companhias brasileiras. O restante, equivalente a 52,7%, permanece isento das cobran\u00e7as adicionais.<\/p>\n<h2>Argumentos e pr\u00f3ximos passos<\/h2>\n<p>O governo brasileiro tamb\u00e9m refutou as justificativas apresentadas sob a legisla\u00e7\u00e3o comercial americana conhecida como Se\u00e7\u00e3o 301, afirmando que as premissas n\u00e3o refletem a realidade das pr\u00e1ticas mercantis locais e configuram uma postura discriminat\u00f3ria.<\/p>\n<p>Apesar do cen\u00e1rio adverso, a administra\u00e7\u00e3o federal reiterou o compromisso com a soberania nacional e a busca por entendimentos diplom\u00e1ticos que garantam um pacto comercial equilibrado e vantajoso para ambos os lados.<\/p>\n<p>Por Reda\u00e7\u00e3o Acontece<\/p>\n<p>Foto: Divulga\u00e7\u00e3o\/Pal\u00e1cio do Planalto<\/p>\n","protected":false},"excerpt":{"rendered":"<p>Representantes do alto escal\u00e3o do governo brasileiro reuniram-se nesta segunda-feira com autoridades dos Estados Unidos para negociar a revoga\u00e7\u00e3o do recente pacote de sobretaxas aplicado \u00e0s exporta\u00e7\u00f5es nacionais. Negocia\u00e7\u00f5es bilaterais sem acordo imediato O encontro ocorreu na sequ\u00eancia de uma conversa telef\u00f4nica entre os chefes de Estado de ambas as na\u00e7\u00f5es. Participaram das tratativas o [&hellip;]<\/p>\n","protected":false},"author":0,"featured_media":32685,"comment_status":"open","ping_status":"open","sticky":false,"template":"","format":"standard","meta":{"footnotes":""},"categories":[28],"tags":[],"class_list":["post-32677","post","type-post","status-publish","format-standard","has-post-thumbnail","hentry","category-mundo"],"_links":{"self":[{"href":"https:\/\/acontecenafronteira.com.br\/index.php\/wp-json\/wp\/v2\/posts\/32677","targetHints":{"allow":["GET"]}}],"collection":[{"href":"https:\/\/acontecenafronteira.com.br\/index.php\/wp-json\/wp\/v2\/posts"}],"about":[{"href":"https:\/\/acontecenafronteira.com.br\/index.php\/wp-json\/wp\/v2\/types\/post"}],"replies":[{"embeddable":true,"href":"https:\/\/acontecenafronteira.com.br\/index.php\/wp-json\/wp\/v2\/comments?post=32677"}],"version-history":[{"count":1,"href":"https:\/\/acontecenafronteira.com.br\/index.php\/wp-json\/wp\/v2\/posts\/32677\/revisions"}],"predecessor-version":[{"id":32684,"href":"https:\/\/acontecenafronteira.com.br\/index.php\/wp-json\/wp\/v2\/posts\/32677\/revisions\/32684"}],"wp:featuredmedia":[{"embeddable":true,"href":"https:\/\/acontecenafronteira.com.br\/index.php\/wp-json\/wp\/v2\/media\/32685"}],"wp:attachment":[{"href":"https:\/\/acontecenafronteira.com.br\/index.php\/wp-json\/wp\/v2\/media?parent=32677"}],"wp:term":[{"taxonomy":"category","embeddable":true,"href":"https:\/\/acontecenafronteira.com.br\/index.php\/wp-json\/wp\/v2\/categories?post=32677"},{"taxonomy":"post_tag","embeddable":true,"href":"https:\/\/acontecenafronteira.com.br\/index.php\/wp-json\/wp\/v2\/tags?post=32677"}],"curies":[{"name":"wp","href":"https:\/\/api.w.org\/{rel}","templated":true}]}}