{"id":32676,"date":"2026-08-31T16:37:26","date_gmt":"2026-08-31T19:37:26","guid":{"rendered":"https:\/\/acontecenafronteira.com.br\/?p=32676"},"modified":"2026-08-31T16:37:26","modified_gmt":"2026-08-31T19:37:26","slug":"audiencia-da-globo-flavio-bolsonaro-e-augusto-cury","status":"publish","type":"post","link":"https:\/\/acontecenafronteira.com.br\/index.php\/2026\/08\/31\/audiencia-da-globo-flavio-bolsonaro-e-augusto-cury\/","title":{"rendered":"Audi\u00eancia da Globo: Fl\u00e1vio Bolsonaro e Augusto Cury"},"content":{"rendered":"<p>As sabatinas eleitorais exibidas recentemente pela TV Globo registraram \u00edndices expressivos de ibope na capital paulista, com destaque para a participa\u00e7\u00e3o do senador Fl\u00e1vio Bolsonaro na \u00faltima sexta-feira (28), que alcan\u00e7ou a marca de 24 pontos de audi\u00eancia em S\u00e3o Paulo.<\/p>\n<h2>Comparativo com outros presidenci\u00e1veis<\/h2>\n<p>O desempenho do parlamentar ficou apenas um ponto abaixo do registrado pela entrevista do candidato Lula, que havia anotado 25 pontos na pra\u00e7a paulista e 30 pontos no Rio de Janeiro na quinta-feira anterior (27), configurando at\u00e9 o momento a maior m\u00e9dia entre os postulantes ao Planalto.<\/p>\n<p>Outros nomes que passaram pelo telejornal tamb\u00e9m obtiveram n\u00fameros s\u00f3lidos na mesma semana de cobertura pol\u00edtica.<\/p>\n<h2>Desempenho no fim de semana<\/h2>\n<p>J\u00e1 no s\u00e1bado (29), foi a vez da sabatina com o escritor e palestrante Augusto Cury, que obteve 19 pontos de m\u00e9dia na Grande S\u00e3o Paulo.<\/p>\n<p>Em compara\u00e7\u00e3o, a rodada de entrevistas com candidatos \u00e0 Presid\u00eancia incluiu participa\u00e7\u00f5es como a de Romeu Zema, que pontuou 26 no Rio e 24 em S\u00e3o Paulo, e Ronaldo Caiado, com 25 e 22 pontos nas respectivas capitais.<\/p>\n<p>Por fim, a apari\u00e7\u00e3o de Renan Santos, transmitida em hor\u00e1rio alternativo por causa da grade de futebol, cravou 26 pontos no territ\u00f3rio fluminense e 20 em solo paulista.<\/p>\n<p>Por Reda\u00e7\u00e3o Acontece<\/p>\n<p>Cr\u00e9ditos da imagem: Reprodu\u00e7\u00e3o \/ TV Globo<\/p>\n","protected":false},"excerpt":{"rendered":"<p>As sabatinas eleitorais exibidas recentemente pela TV Globo registraram \u00edndices expressivos de ibope na capital paulista, com destaque para a participa\u00e7\u00e3o do senador Fl\u00e1vio Bolsonaro na \u00faltima sexta-feira (28), que alcan\u00e7ou a marca de 24 pontos de audi\u00eancia em S\u00e3o Paulo. Comparativo com outros presidenci\u00e1veis O desempenho do parlamentar ficou apenas um ponto abaixo do [&hellip;]<\/p>\n","protected":false},"author":0,"featured_media":32683,"comment_status":"open","ping_status":"open","sticky":false,"template":"","format":"standard","meta":{"footnotes":""},"categories":[28],"tags":[],"class_list":["post-32676","post","type-post","status-publish","format-standard","has-post-thumbnail","hentry","category-mundo"],"_links":{"self":[{"href":"https:\/\/acontecenafronteira.com.br\/index.php\/wp-json\/wp\/v2\/posts\/32676","targetHints":{"allow":["GET"]}}],"collection":[{"href":"https:\/\/acontecenafronteira.com.br\/index.php\/wp-json\/wp\/v2\/posts"}],"about":[{"href":"https:\/\/acontecenafronteira.com.br\/index.php\/wp-json\/wp\/v2\/types\/post"}],"replies":[{"embeddable":true,"href":"https:\/\/acontecenafronteira.com.br\/index.php\/wp-json\/wp\/v2\/comments?post=32676"}],"version-history":[{"count":1,"href":"https:\/\/acontecenafronteira.com.br\/index.php\/wp-json\/wp\/v2\/posts\/32676\/revisions"}],"predecessor-version":[{"id":32682,"href":"https:\/\/acontecenafronteira.com.br\/index.php\/wp-json\/wp\/v2\/posts\/32676\/revisions\/32682"}],"wp:featuredmedia":[{"embeddable":true,"href":"https:\/\/acontecenafronteira.com.br\/index.php\/wp-json\/wp\/v2\/media\/32683"}],"wp:attachment":[{"href":"https:\/\/acontecenafronteira.com.br\/index.php\/wp-json\/wp\/v2\/media?parent=32676"}],"wp:term":[{"taxonomy":"category","embeddable":true,"href":"https:\/\/acontecenafronteira.com.br\/index.php\/wp-json\/wp\/v2\/categories?post=32676"},{"taxonomy":"post_tag","embeddable":true,"href":"https:\/\/acontecenafronteira.com.br\/index.php\/wp-json\/wp\/v2\/tags?post=32676"}],"curies":[{"name":"wp","href":"https:\/\/api.w.org\/{rel}","templated":true}]}}