{"id":32675,"date":"2026-08-31T16:37:05","date_gmt":"2026-08-31T19:37:05","guid":{"rendered":"https:\/\/acontecenafronteira.com.br\/?p=32675"},"modified":"2026-08-31T16:37:05","modified_gmt":"2026-08-31T19:37:05","slug":"andre-esteves-defende-urnas-a-trump-em-encontro-nos-eua","status":"publish","type":"post","link":"https:\/\/acontecenafronteira.com.br\/index.php\/2026\/08\/31\/andre-esteves-defende-urnas-a-trump-em-encontro-nos-eua\/","title":{"rendered":"Andr\u00e9 Esteves defende urnas a Trump em encontro nos EUA"},"content":{"rendered":"<p>O principal acionista do BTG Pactual, o banqueiro Andr\u00e9 Esteves, teve um encontro reservado com o presidente dos Estados Unidos, Donald Trump, no final de semana passado. A reuni\u00e3o aconteceu no Trump National Golf Club, pr\u00f3ximo a Washington, e teve a presen\u00e7a de Susie Wiles, chefe de gabinete da Casa Branca.<\/p>\n<h2>Di\u00e1logo sobre a economia nacional e o pleito brasileiro<\/h2>\n<p>Durante a conversa, o l\u00edder norte-americano questionou o executivo brasileiro sobre o cen\u00e1rio econ\u00f4mico do pa\u00eds, perspectivas de aportes financeiros em \u00e1reas estrat\u00e9gicas como terras raras e a situa\u00e7\u00e3o do pleito eleitoral nacional. Em resposta, Esteves assegurou que o sistema de vota\u00e7\u00e3o do Brasil possui total confiabilidade.<\/p>\n<p>A declara\u00e7\u00e3o alinha-se ao posicionamento transmitido anteriormente pelo presidente Luiz In\u00e1cio Lula da Silva durante um telefonema recente. Na pauta com o republicano tamb\u00e9m entraram temas geopol\u00edticos regionais, abrangendo a situa\u00e7\u00e3o da Venezuela e da Am\u00e9rica Latina como um todo.<\/p>\n<h2>Bastidores pol\u00edticos e o impacto das novas tarifas<\/h2>\n<p>O Pal\u00e1cio do Planalto recebeu informa\u00e7\u00f5es pr\u00e9vias sobre o compromisso internacional de Andr\u00e9 Esteves. De volta ao territ\u00f3rio nacional, o executivo participou de eventos corporativos e integrou a lista de convidados para um jantar oficial promovido por Lula com lideran\u00e7as do setor financeiro em Bras\u00edlia, ocasi\u00e3o em que repassou os detalhes do di\u00e1logo nos Estados Unidos.<\/p>\n<p>O entendimento diplom\u00e1tico ocorre em um momento delicado, marcado por taxa\u00e7\u00f5es alfandeg\u00e1rias severas impostas por Washington sobre produtos brasileiros, somando sobretaxas expressivas. Em resposta, miss\u00f5es diplom\u00e1ticas e oficiais dos dois governos j\u00e1 retomaram as tratativas para tentar flexibilizar as barreiras comerciais.<\/p>\n<p>Autoridades do governo federal classificaram as cobran\u00e7as como desproporcionais, lembrando que o mercado brasileiro adota al\u00edquotas reduzidas para itens importados dos Estados Unidos. Al\u00e9m disso, pautas tecnol\u00f3gicas, como o incentivo \u00e0 instala\u00e7\u00e3o de grandes centros de dados no pa\u00eds, seguem no centro das discuss\u00f5es bilaterais para atrair novos capitais estrangeiros.<\/p>\n<p>Por Reda\u00e7\u00e3o Acontece<\/p>\n<p>Foto: Divulga\u00e7\u00e3o\/BTG Pactual<\/p>\n","protected":false},"excerpt":{"rendered":"<p>O principal acionista do BTG Pactual, o banqueiro Andr\u00e9 Esteves, teve um encontro reservado com o presidente dos Estados Unidos, Donald Trump, no final de semana passado. A reuni\u00e3o aconteceu no Trump National Golf Club, pr\u00f3ximo a Washington, e teve a presen\u00e7a de Susie Wiles, chefe de gabinete da Casa Branca. Di\u00e1logo sobre a economia [&hellip;]<\/p>\n","protected":false},"author":0,"featured_media":32681,"comment_status":"open","ping_status":"open","sticky":false,"template":"","format":"standard","meta":{"footnotes":""},"categories":[28],"tags":[],"class_list":["post-32675","post","type-post","status-publish","format-standard","has-post-thumbnail","hentry","category-mundo"],"_links":{"self":[{"href":"https:\/\/acontecenafronteira.com.br\/index.php\/wp-json\/wp\/v2\/posts\/32675","targetHints":{"allow":["GET"]}}],"collection":[{"href":"https:\/\/acontecenafronteira.com.br\/index.php\/wp-json\/wp\/v2\/posts"}],"about":[{"href":"https:\/\/acontecenafronteira.com.br\/index.php\/wp-json\/wp\/v2\/types\/post"}],"replies":[{"embeddable":true,"href":"https:\/\/acontecenafronteira.com.br\/index.php\/wp-json\/wp\/v2\/comments?post=32675"}],"version-history":[{"count":1,"href":"https:\/\/acontecenafronteira.com.br\/index.php\/wp-json\/wp\/v2\/posts\/32675\/revisions"}],"predecessor-version":[{"id":32680,"href":"https:\/\/acontecenafronteira.com.br\/index.php\/wp-json\/wp\/v2\/posts\/32675\/revisions\/32680"}],"wp:featuredmedia":[{"embeddable":true,"href":"https:\/\/acontecenafronteira.com.br\/index.php\/wp-json\/wp\/v2\/media\/32681"}],"wp:attachment":[{"href":"https:\/\/acontecenafronteira.com.br\/index.php\/wp-json\/wp\/v2\/media?parent=32675"}],"wp:term":[{"taxonomy":"category","embeddable":true,"href":"https:\/\/acontecenafronteira.com.br\/index.php\/wp-json\/wp\/v2\/categories?post=32675"},{"taxonomy":"post_tag","embeddable":true,"href":"https:\/\/acontecenafronteira.com.br\/index.php\/wp-json\/wp\/v2\/tags?post=32675"}],"curies":[{"name":"wp","href":"https:\/\/api.w.org\/{rel}","templated":true}]}}