{"id":32665,"date":"2026-08-31T16:36:47","date_gmt":"2026-08-31T19:36:47","guid":{"rendered":"https:\/\/acontecenafronteira.com.br\/?p=32665"},"modified":"2026-08-31T16:36:47","modified_gmt":"2026-08-31T19:36:47","slug":"camara-de-curitiba-aprova-politica-para-migrantes-por-unanimidade","status":"publish","type":"post","link":"https:\/\/acontecenafronteira.com.br\/index.php\/2026\/08\/31\/camara-de-curitiba-aprova-politica-para-migrantes-por-unanimidade\/","title":{"rendered":"C\u00e2mara de Curitiba aprova pol\u00edtica para migrantes por unanimidade"},"content":{"rendered":"<p>A C\u00e2mara Municipal de Curitiba aprovou por unanimidade, em segundo turno, o projeto de lei enviado pela prefeitura que estabelece a nova Pol\u00edtica Municipal para a Popula\u00e7\u00e3o Migrante. A vota\u00e7\u00e3o ocorreu nesta segunda-feira (31) e sacramentou o texto no Legislativo, embora a tramita\u00e7\u00e3o tenha sido marcada por impasses pol\u00edticos nos bastidores.<\/p>\n<h2>Disputa por autoria e embates na vota\u00e7\u00e3o<\/h2>\n<p>Apesar do consenso no placar final, a proposta gerou forte debate entre os vereadores no plen\u00e1rio, principalmente devido \u00e0 discuss\u00e3o em torno da autoria real da iniciativa e \u00e0 apresenta\u00e7\u00e3o de emendas parlamentares. O clima de acirramento evidenciou diverg\u00eancias sobre o protagonismo na formula\u00e7\u00e3o de pol\u00edticas p\u00fablicas voltadas aos estrangeiros na capital paranaense.<\/p>\n<h2>Detalhes da nova legisla\u00e7\u00e3o municipal<\/h2>\n<p>O texto aprovado define diretrizes fundamentais para a acolhida, a integra\u00e7\u00e3o social e a garantia de direitos b\u00e1sicos aos imigrantes que escolhem a cidade como moradia. A medida busca estruturar o atendimento p\u00fablico e facilitar o acesso dessa parcela da popula\u00e7\u00e3o a servi\u00e7os essenciais de sa\u00fade, educa\u00e7\u00e3o e assist\u00eancia social.<\/p>\n<h2>Pr\u00f3ximos passos da medida<\/h2>\n<p>Com a valida\u00e7\u00e3o em segundo turno pelos parlamentares, a mat\u00e9ria segue agora para a etapa de san\u00e7\u00e3o do Executivo para entrar oficialmente em vigor. A expectativa \u00e9 que a regulamenta\u00e7\u00e3o do texto ocorra nos pr\u00f3ximos meses para viabilizar a implementa\u00e7\u00e3o pr\u00e1tica das a\u00e7\u00f5es assistenciais previstas.<\/p>\n<p>Por Reda\u00e7\u00e3o Acontece<\/p>\n<p>Cr\u00e9ditos da imagem: Divulga\u00e7\u00e3o\/CMC<\/p>\n","protected":false},"excerpt":{"rendered":"<p>A C\u00e2mara Municipal de Curitiba aprovou por unanimidade, em segundo turno, o projeto de lei enviado pela prefeitura que estabelece a nova Pol\u00edtica Municipal para a Popula\u00e7\u00e3o Migrante. A vota\u00e7\u00e3o ocorreu nesta segunda-feira (31) e sacramentou o texto no Legislativo, embora a tramita\u00e7\u00e3o tenha sido marcada por impasses pol\u00edticos nos bastidores. Disputa por autoria e [&hellip;]<\/p>\n","protected":false},"author":0,"featured_media":32673,"comment_status":"open","ping_status":"open","sticky":false,"template":"","format":"standard","meta":{"footnotes":""},"categories":[18],"tags":[],"class_list":["post-32665","post","type-post","status-publish","format-standard","has-post-thumbnail","hentry","category-parana"],"_links":{"self":[{"href":"https:\/\/acontecenafronteira.com.br\/index.php\/wp-json\/wp\/v2\/posts\/32665","targetHints":{"allow":["GET"]}}],"collection":[{"href":"https:\/\/acontecenafronteira.com.br\/index.php\/wp-json\/wp\/v2\/posts"}],"about":[{"href":"https:\/\/acontecenafronteira.com.br\/index.php\/wp-json\/wp\/v2\/types\/post"}],"replies":[{"embeddable":true,"href":"https:\/\/acontecenafronteira.com.br\/index.php\/wp-json\/wp\/v2\/comments?post=32665"}],"version-history":[{"count":1,"href":"https:\/\/acontecenafronteira.com.br\/index.php\/wp-json\/wp\/v2\/posts\/32665\/revisions"}],"predecessor-version":[{"id":32672,"href":"https:\/\/acontecenafronteira.com.br\/index.php\/wp-json\/wp\/v2\/posts\/32665\/revisions\/32672"}],"wp:featuredmedia":[{"embeddable":true,"href":"https:\/\/acontecenafronteira.com.br\/index.php\/wp-json\/wp\/v2\/media\/32673"}],"wp:attachment":[{"href":"https:\/\/acontecenafronteira.com.br\/index.php\/wp-json\/wp\/v2\/media?parent=32665"}],"wp:term":[{"taxonomy":"category","embeddable":true,"href":"https:\/\/acontecenafronteira.com.br\/index.php\/wp-json\/wp\/v2\/categories?post=32665"},{"taxonomy":"post_tag","embeddable":true,"href":"https:\/\/acontecenafronteira.com.br\/index.php\/wp-json\/wp\/v2\/tags?post=32665"}],"curies":[{"name":"wp","href":"https:\/\/api.w.org\/{rel}","templated":true}]}}