{"id":32664,"date":"2026-08-31T16:36:43","date_gmt":"2026-08-31T19:36:43","guid":{"rendered":"https:\/\/acontecenafronteira.com.br\/?p=32664"},"modified":"2026-08-31T16:36:43","modified_gmt":"2026-08-31T19:36:43","slug":"maringa-pode-ter-regras-mais-rigidas-para-patinetes-eletricos","status":"publish","type":"post","link":"https:\/\/acontecenafronteira.com.br\/index.php\/2026\/08\/31\/maringa-pode-ter-regras-mais-rigidas-para-patinetes-eletricos\/","title":{"rendered":"Maring\u00e1 pode ter regras mais r\u00edgidas para patinetes el\u00e9tricos"},"content":{"rendered":"<p>A regulamenta\u00e7\u00e3o dos ve\u00edculos autopropelidos em Maring\u00e1 entrou em debate na sess\u00e3o legislativa desta quinta-feira (27), ap\u00f3s cobran\u00e7a do vereador Lemuel Salvando Vidas por normas mais severas.<\/p>\n<h2>Seguran\u00e7a no tr\u00e2nsito urbano<\/h2>\n<p>O parlamentar destacou a necessidade urgente de disciplinar a circula\u00e7\u00e3o desses equipamentos nas vias p\u00fablicas da cidade, visando proteger tanto os condutores quanto os pedestres.<\/p>\n<h2>Crescimento dos autopropelidos<\/h2>\n<p>Com a populariza\u00e7\u00e3o r\u00e1pida de patinetes e skates el\u00e9tricos, o fluxo nas cal\u00e7adas e ciclovias gerou preocupa\u00e7\u00f5es sobre a conviv\u00eancia harmoniosa no tr\u00e2nsito local.<\/p>\n<p>A proposta busca estabelecer limites claros de velocidade e \u00e1reas permitidas para circula\u00e7\u00e3o, evitando acidentes e garantindo maior ordem urbana.<\/p>\n<h2>Pr\u00f3ximos passos na C\u00e2mara<\/h2>\n<p>A discuss\u00e3o agora segue para an\u00e1lise de viabilidade jur\u00eddica e futura apresenta\u00e7\u00e3o de projetos espec\u00edficos pelos \u00f3rg\u00e3os competentes do munic\u00edpio.<\/p>\n<p>O debate reflete uma demanda crescente das cidades brasileiras em adaptar suas legisla\u00e7\u00f5es \u00e0 nova realidade da mobilidade urbana sustent\u00e1vel e alternativa.<\/p>\n<p>Por Reda\u00e7\u00e3o Acontece<\/p>\n<p>Cr\u00e9ditos da imagem: Divulga\u00e7\u00e3o \/ C\u00e2mara Municipal de Maring\u00e1<\/p>\n","protected":false},"excerpt":{"rendered":"<p>A regulamenta\u00e7\u00e3o dos ve\u00edculos autopropelidos em Maring\u00e1 entrou em debate na sess\u00e3o legislativa desta quinta-feira (27), ap\u00f3s cobran\u00e7a do vereador Lemuel Salvando Vidas por normas mais severas. Seguran\u00e7a no tr\u00e2nsito urbano O parlamentar destacou a necessidade urgente de disciplinar a circula\u00e7\u00e3o desses equipamentos nas vias p\u00fablicas da cidade, visando proteger tanto os condutores quanto os [&hellip;]<\/p>\n","protected":false},"author":0,"featured_media":32671,"comment_status":"open","ping_status":"open","sticky":false,"template":"","format":"standard","meta":{"footnotes":""},"categories":[18],"tags":[],"class_list":["post-32664","post","type-post","status-publish","format-standard","has-post-thumbnail","hentry","category-parana"],"_links":{"self":[{"href":"https:\/\/acontecenafronteira.com.br\/index.php\/wp-json\/wp\/v2\/posts\/32664","targetHints":{"allow":["GET"]}}],"collection":[{"href":"https:\/\/acontecenafronteira.com.br\/index.php\/wp-json\/wp\/v2\/posts"}],"about":[{"href":"https:\/\/acontecenafronteira.com.br\/index.php\/wp-json\/wp\/v2\/types\/post"}],"replies":[{"embeddable":true,"href":"https:\/\/acontecenafronteira.com.br\/index.php\/wp-json\/wp\/v2\/comments?post=32664"}],"version-history":[{"count":1,"href":"https:\/\/acontecenafronteira.com.br\/index.php\/wp-json\/wp\/v2\/posts\/32664\/revisions"}],"predecessor-version":[{"id":32670,"href":"https:\/\/acontecenafronteira.com.br\/index.php\/wp-json\/wp\/v2\/posts\/32664\/revisions\/32670"}],"wp:featuredmedia":[{"embeddable":true,"href":"https:\/\/acontecenafronteira.com.br\/index.php\/wp-json\/wp\/v2\/media\/32671"}],"wp:attachment":[{"href":"https:\/\/acontecenafronteira.com.br\/index.php\/wp-json\/wp\/v2\/media?parent=32664"}],"wp:term":[{"taxonomy":"category","embeddable":true,"href":"https:\/\/acontecenafronteira.com.br\/index.php\/wp-json\/wp\/v2\/categories?post=32664"},{"taxonomy":"post_tag","embeddable":true,"href":"https:\/\/acontecenafronteira.com.br\/index.php\/wp-json\/wp\/v2\/tags?post=32664"}],"curies":[{"name":"wp","href":"https:\/\/api.w.org\/{rel}","templated":true}]}}