{"id":32663,"date":"2026-08-31T16:36:40","date_gmt":"2026-08-31T19:36:40","guid":{"rendered":"https:\/\/acontecenafronteira.com.br\/?p=32663"},"modified":"2026-08-31T16:36:40","modified_gmt":"2026-08-31T19:36:40","slug":"empresario-acusa-sandro-alex-de-bloquear-estrada-no-pr","status":"publish","type":"post","link":"https:\/\/acontecenafronteira.com.br\/index.php\/2026\/08\/31\/empresario-acusa-sandro-alex-de-bloquear-estrada-no-pr\/","title":{"rendered":"Empres\u00e1rio acusa Sandro Alex de bloquear estrada no PR"},"content":{"rendered":"<p>O empres\u00e1rio Jo\u00e3o Carlos Ribeiro, figura central no projeto de instala\u00e7\u00e3o de um terminal portu\u00e1rio em Pontal do Sul, divulgou um v\u00eddeo com graves acusa\u00e7\u00f5es contra o secret\u00e1rio estadual de Infraestrutura e Log\u00edstica, Sandro Alex. Segundo o investidor, o representante do governo estaria travando deliberadamente a constru\u00e7\u00e3o de uma rodovia essencial para o escoamento na regi\u00e3o litor\u00e2nea paranaense.<\/p>\n<h2>O impasse na infraestrutura do litoral<\/h2>\n<p>O projeto do <strong>Porto Pontal<\/strong> enfrenta novos obst\u00e1culos pol\u00edticos e log\u00edsticos. De acordo com as declara\u00e7\u00f5es p\u00fablicas de Ribeiro, a gest\u00e3o estadual tem criado barreiras burocr\u00e1ticas e operacionais que impedem o avan\u00e7o das obras vi\u00e1rias indispens\u00e1veis para a mobilidade e o desenvolvimento econ\u00f4mico daquela \u00e1rea costeira.<\/p>\n<h3>Declara\u00e7\u00f5es e repercuss\u00e3o pol\u00edtica<\/h3>\n<p>No material audiovisual veiculado nas redes sociais, o empreendedor detalha como as decis\u00f5es da pasta comandada por Sandro Alex impactam diretamente o futuro do empreendimento portu\u00e1rio. A disputa p\u00fablica exp\u00f5e rachaduras profundas entre a iniciativa privada e a administra\u00e7\u00e3o p\u00fablica estadual em rela\u00e7\u00e3o \u00e0s prioridades log\u00edsticas do Paran\u00e1.<\/p>\n<p>At\u00e9 o momento, a Secretaria de Infraestrutura e Log\u00edstica avalia as declara\u00e7\u00f5es e estuda uma resposta oficial \u00e0s acusa\u00e7\u00f5es feitas pelo empres\u00e1rio. O caso segue mobilizando bastidores da pol\u00edtica e da economia paranaense, gerando debates acalorados sobre os rumos dos grandes investimentos no litoral do estado.<\/p>\n<p>Por Reda\u00e7\u00e3o Acontece<\/p>\n<p>Cr\u00e9ditos da imagem: Reprodu\u00e7\u00e3o \/ Redes Sociais<\/p>\n","protected":false},"excerpt":{"rendered":"<p>O empres\u00e1rio Jo\u00e3o Carlos Ribeiro, figura central no projeto de instala\u00e7\u00e3o de um terminal portu\u00e1rio em Pontal do Sul, divulgou um v\u00eddeo com graves acusa\u00e7\u00f5es contra o secret\u00e1rio estadual de Infraestrutura e Log\u00edstica, Sandro Alex. Segundo o investidor, o representante do governo estaria travando deliberadamente a constru\u00e7\u00e3o de uma rodovia essencial para o escoamento na [&hellip;]<\/p>\n","protected":false},"author":0,"featured_media":32669,"comment_status":"open","ping_status":"open","sticky":false,"template":"","format":"standard","meta":{"footnotes":""},"categories":[18],"tags":[],"class_list":["post-32663","post","type-post","status-publish","format-standard","has-post-thumbnail","hentry","category-parana"],"_links":{"self":[{"href":"https:\/\/acontecenafronteira.com.br\/index.php\/wp-json\/wp\/v2\/posts\/32663","targetHints":{"allow":["GET"]}}],"collection":[{"href":"https:\/\/acontecenafronteira.com.br\/index.php\/wp-json\/wp\/v2\/posts"}],"about":[{"href":"https:\/\/acontecenafronteira.com.br\/index.php\/wp-json\/wp\/v2\/types\/post"}],"replies":[{"embeddable":true,"href":"https:\/\/acontecenafronteira.com.br\/index.php\/wp-json\/wp\/v2\/comments?post=32663"}],"version-history":[{"count":1,"href":"https:\/\/acontecenafronteira.com.br\/index.php\/wp-json\/wp\/v2\/posts\/32663\/revisions"}],"predecessor-version":[{"id":32668,"href":"https:\/\/acontecenafronteira.com.br\/index.php\/wp-json\/wp\/v2\/posts\/32663\/revisions\/32668"}],"wp:featuredmedia":[{"embeddable":true,"href":"https:\/\/acontecenafronteira.com.br\/index.php\/wp-json\/wp\/v2\/media\/32669"}],"wp:attachment":[{"href":"https:\/\/acontecenafronteira.com.br\/index.php\/wp-json\/wp\/v2\/media?parent=32663"}],"wp:term":[{"taxonomy":"category","embeddable":true,"href":"https:\/\/acontecenafronteira.com.br\/index.php\/wp-json\/wp\/v2\/categories?post=32663"},{"taxonomy":"post_tag","embeddable":true,"href":"https:\/\/acontecenafronteira.com.br\/index.php\/wp-json\/wp\/v2\/tags?post=32663"}],"curies":[{"name":"wp","href":"https:\/\/api.w.org\/{rel}","templated":true}]}}