{"id":32662,"date":"2026-08-31T16:36:37","date_gmt":"2026-08-31T19:36:37","guid":{"rendered":"https:\/\/acontecenafronteira.com.br\/?p=32662"},"modified":"2026-08-31T16:36:37","modified_gmt":"2026-08-31T19:36:37","slug":"ana-lucia-critica-denuncia-e-aponta-prejuizo-em-campanha","status":"publish","type":"post","link":"https:\/\/acontecenafronteira.com.br\/index.php\/2026\/08\/31\/ana-lucia-critica-denuncia-e-aponta-prejuizo-em-campanha\/","title":{"rendered":"Ana L\u00facia critica den\u00fancia e aponta preju\u00edzo em campanha"},"content":{"rendered":"<p>Durante a sess\u00e3o ordin\u00e1ria realizada nesta quinta-feira (27), em Maring\u00e1, a vereadora Professora Ana L\u00facia (PDT) expressou forte insatisfa\u00e7\u00e3o com a forma como uma den\u00fancia recente foi tratada, apontando impactos negativos diretos em sua trajet\u00f3ria pol\u00edtica.<\/p>\n<h2>Impacto na disputa eleitoral<\/h2>\n<p>A parlamentar utilizou a tribuna para relatar que a repercuss\u00e3o do caso gerou danos significativos \u00e0 sua imagem p\u00fablica e \u00e0 din\u00e2mica de sua campanha, lamentando a pressa e os rumos tomados durante o processo de apura\u00e7\u00e3o.<\/p>\n<h2>Posicionamento da vereadora<\/h2>\n<p>Segundo a representante do PDT, houve falhas procedimentais graves na condu\u00e7\u00e3o das acusa\u00e7\u00f5es, o que acabou por desvirtuar fatos essenciais e confundir o eleitorado maringaense no momento mais cr\u00edtico da corrida eleitoral.<\/p>\n<p>O epis\u00f3dio gerou debates intensos entre os parlamentares presentes na Casa de Leis, refletindo o clima de polariza\u00e7\u00e3o e tens\u00e3o pol\u00edtica que tem marcado as discuss\u00f5es recentes no munic\u00edpio paranaense.<\/p>\n<p>A expectativa agora \u00e9 saber se haver\u00e1 desdobramentos formais sobre as cr\u00edticas levantadas pela vereadora ou se o caso continuar\u00e1 repercutindo nos bastidores da pol\u00edtica local.<\/p>\n<p>Por Reda\u00e7\u00e3o Acontece<\/p>\n<p>Cr\u00e9ditos da imagem: Divulga\u00e7\u00e3o \/ C\u00e2mara Municipal de Maring\u00e1<\/p>\n","protected":false},"excerpt":{"rendered":"<p>Durante a sess\u00e3o ordin\u00e1ria realizada nesta quinta-feira (27), em Maring\u00e1, a vereadora Professora Ana L\u00facia (PDT) expressou forte insatisfa\u00e7\u00e3o com a forma como uma den\u00fancia recente foi tratada, apontando impactos negativos diretos em sua trajet\u00f3ria pol\u00edtica. Impacto na disputa eleitoral A parlamentar utilizou a tribuna para relatar que a repercuss\u00e3o do caso gerou danos significativos [&hellip;]<\/p>\n","protected":false},"author":0,"featured_media":32667,"comment_status":"open","ping_status":"open","sticky":false,"template":"","format":"standard","meta":{"footnotes":""},"categories":[18],"tags":[],"class_list":["post-32662","post","type-post","status-publish","format-standard","has-post-thumbnail","hentry","category-parana"],"_links":{"self":[{"href":"https:\/\/acontecenafronteira.com.br\/index.php\/wp-json\/wp\/v2\/posts\/32662","targetHints":{"allow":["GET"]}}],"collection":[{"href":"https:\/\/acontecenafronteira.com.br\/index.php\/wp-json\/wp\/v2\/posts"}],"about":[{"href":"https:\/\/acontecenafronteira.com.br\/index.php\/wp-json\/wp\/v2\/types\/post"}],"replies":[{"embeddable":true,"href":"https:\/\/acontecenafronteira.com.br\/index.php\/wp-json\/wp\/v2\/comments?post=32662"}],"version-history":[{"count":1,"href":"https:\/\/acontecenafronteira.com.br\/index.php\/wp-json\/wp\/v2\/posts\/32662\/revisions"}],"predecessor-version":[{"id":32666,"href":"https:\/\/acontecenafronteira.com.br\/index.php\/wp-json\/wp\/v2\/posts\/32662\/revisions\/32666"}],"wp:featuredmedia":[{"embeddable":true,"href":"https:\/\/acontecenafronteira.com.br\/index.php\/wp-json\/wp\/v2\/media\/32667"}],"wp:attachment":[{"href":"https:\/\/acontecenafronteira.com.br\/index.php\/wp-json\/wp\/v2\/media?parent=32662"}],"wp:term":[{"taxonomy":"category","embeddable":true,"href":"https:\/\/acontecenafronteira.com.br\/index.php\/wp-json\/wp\/v2\/categories?post=32662"},{"taxonomy":"post_tag","embeddable":true,"href":"https:\/\/acontecenafronteira.com.br\/index.php\/wp-json\/wp\/v2\/tags?post=32662"}],"curies":[{"name":"wp","href":"https:\/\/api.w.org\/{rel}","templated":true}]}}